{"id":3174,"date":"2021-05-08T02:56:24","date_gmt":"2021-05-08T02:56:24","guid":{"rendered":"https:\/\/krankenhauspfarramt.de\/index.php\/2021\/05\/08\/leitender-bischof-wuerdigt-scheidenden-uek-vorsitzenden-christian-schad-ekd\/"},"modified":"2021-05-08T02:56:26","modified_gmt":"2021-05-08T02:56:26","slug":"leitender-bischof-wuerdigt-scheidenden-uek-vorsitzenden-christian-schad-ekd","status":"publish","type":"post","link":"https:\/\/krankenhauspfarramt.de\/index.php\/2021\/05\/08\/leitender-bischof-wuerdigt-scheidenden-uek-vorsitzenden-christian-schad-ekd\/","title":{"rendered":"Leitender Bischof w\u00fcrdigt scheidenden UEK-Vorsitzenden Christian Schad \u2013 EKD"},"content":{"rendered":"<p> <br \/>\n<\/p>\n<div id=\"\">\n<div class=\"article--meta article--meta__border clearfix\">\n<p>                                    <time datetime=\"07.05.2021 12:30\" class=\"article--time\">07.05.2021<\/time><strong class=\"article--type primus--overline\">Pressemitteilung<\/strong><\/p>\n<picture class=\"article--source-image image\"><source srcset=\"https:\/\/ekd.de\/ekd_de\/ds_img\/assets\/velkd.jpg\"><!--<source srcset=\"\/ekd_de\/ds_img\/assets\/velkd_rdax_141x141.jpg 1x, \/ekd_de\/ds_img\/assets\/velkd_rdax_282x282.jpg 2x, https:\/\/ekd.de\/ekd_de\/ds_img\/assets\/velkd.jpg 3x\">--><\/source><\/picture>\n<\/p><\/div>\n<h2 class=\"article--sub-headline primus--sub-headline\">Meister: Dankbar f\u00fcr die geschwisterliche Zusammenarbeit auf gemeinsamer evangelischer Grundlage <\/h2>\n<\/p><\/div>\n<div id=\"\">\n<p>Der Leitende Bischof der Vereinigten Evangelisch-Lutherischen Kirche Deutschlands (VELKD), Landesbischof Ralf Meister (Hannover), dankt dem scheidenden Vorsitzenden der Vollkonferenz und des Pr\u00e4sidiums der Union Evangelischer Kirchen (UEK) in der Evangelischen Kirche in Deutschland (EKD), Kirchenpr\u00e4sident Dr. h. c. Christian Schad, f\u00fcr die gute und konstruktive Zusammenarbeit in der Leitung der gliedkirchlichen Zusammenschl\u00fcsse in der EKD:<\/p>\n<p>\u201eIch blicke mit gro\u00dfer Dankbarkeit zur\u00fcck auf die Jahre, in denen wir geschwisterlich zusammengearbeitet haben. Christian Schad hat seit 2013 als Vorsitzender der Vollkonferenz und des Pr\u00e4sidiums der UEK die gute Gemeinschaft zwischen VELKD und UEK entscheidend gepr\u00e4gt und den gemeinsamen Weg im Verbindungsmodell ma\u00dfgeblich mitgestaltet. Ich sch\u00e4tze ihn als einen klugen Theologen und warmherzigen Geistlichen: geduldig im Gespr\u00e4ch, ausdauernd und fair in der Leitung, klar in der Sache. Stets ist ihm daran gelegen, das Gemeinsame der reformatorischen Tradition, in der wir stehen, zu unterstreichen und auf dieser gemeinsamen evangelischen Grundlage die gegenw\u00e4rtigen Herausforderungen anzugehen. Uns verbindet nicht zuletzt die gro\u00dfe Wertsch\u00e4tzung der Theologie Martin Luthers. Dessen Theologie, darauf hat auch Christian Schad immer wieder hingewiesen, ist auch heute von gro\u00dfer Aktualit\u00e4t. Die Vielfalt im Protestantismus bedeutet eine gro\u00dfe Bereicherung, darin sind wir uns von Herzen einig. Dass die Gestalt dieser Vielfalt nicht statisch ist, daran hat Christian Schad mit seinem unerm\u00fcdlichen Engagement f\u00fcr die evangelische Kirche mitgewirkt.\u201c<\/p>\n<p><span style=\"line-height:14pt\">Dr. h. c. Christian Schad ist zum 1. M\u00e4rz 2021 in den Ruhestand getreten. Seit 2008 war er Kirchenpr\u00e4sident der Evangelischen Kirche in der Pfalz, seit 2013 zudem Vorsitzender der Vollkonferenz und des Pr\u00e4sidiums der UEK. Aus diesem Amt ist er w\u00e4hrend der konstituierenden Tagung der 4.\u00a0Vollkonferenz der UEK verabschiedet worden. <\/span><\/p>\n<p class=\"VELKDFlietext\" style=\"margin-bottom:0cm; margin-left:0cm; margin-right:8.1pt; margin-top:0cm\"><span style=\"line-height:14pt\">Hannover, 7. Mai 2021<\/span><\/p>\n<p class=\"VELKDFlietext\" style=\"margin-bottom:0cm; margin-left:0cm; margin-right:8.1pt; margin-top:0cm\">\u00a0<\/p>\n<p class=\"VELKDFlietext\" style=\"margin-bottom:0cm; margin-left:0cm; margin-right:8.1pt; margin-top:0cm\"><span style=\"line-height:14pt\">Pressestelle der VELKD<\/span><\/p>\n<p class=\"VELKDFlietext\" style=\"margin-bottom:0cm; margin-left:0cm; margin-right:8.1pt; margin-top:0cm\"><span style=\"line-height:14pt\">Henrike M\u00fcller<\/span><\/p>\n<\/div>\n","protected":false},"excerpt":{"rendered":"<p>07.05.2021Pressemitteilung Meister: Dankbar f\u00fcr die geschwisterliche Zusammenarbeit auf gemeinsamer evangelischer Grundlage Der Leitende Bischof der Vereinigten Evangelisch-Lutherischen Kirche Deutschlands (VELKD),<\/p>\n","protected":false},"author":1,"featured_media":611,"comment_status":"closed","ping_status":"closed","sticky":false,"template":"","format":"standard","meta":{"footnotes":""},"categories":[20],"tags":[],"_links":{"self":[{"href":"https:\/\/krankenhauspfarramt.de\/index.php\/wp-json\/wp\/v2\/posts\/3174"}],"collection":[{"href":"https:\/\/krankenhauspfarramt.de\/index.php\/wp-json\/wp\/v2\/posts"}],"about":[{"href":"https:\/\/krankenhauspfarramt.de\/index.php\/wp-json\/wp\/v2\/types\/post"}],"author":[{"embeddable":true,"href":"https:\/\/krankenhauspfarramt.de\/index.php\/wp-json\/wp\/v2\/users\/1"}],"replies":[{"embeddable":true,"href":"https:\/\/krankenhauspfarramt.de\/index.php\/wp-json\/wp\/v2\/comments?post=3174"}],"version-history":[{"count":1,"href":"https:\/\/krankenhauspfarramt.de\/index.php\/wp-json\/wp\/v2\/posts\/3174\/revisions"}],"predecessor-version":[{"id":3175,"href":"https:\/\/krankenhauspfarramt.de\/index.php\/wp-json\/wp\/v2\/posts\/3174\/revisions\/3175"}],"wp:featuredmedia":[{"embeddable":true,"href":"https:\/\/krankenhauspfarramt.de\/index.php\/wp-json\/wp\/v2\/media\/611"}],"wp:attachment":[{"href":"https:\/\/krankenhauspfarramt.de\/index.php\/wp-json\/wp\/v2\/media?parent=3174"}],"wp:term":[{"taxonomy":"category","embeddable":true,"href":"https:\/\/krankenhauspfarramt.de\/index.php\/wp-json\/wp\/v2\/categories?post=3174"},{"taxonomy":"post_tag","embeddable":true,"href":"https:\/\/krankenhauspfarramt.de\/index.php\/wp-json\/wp\/v2\/tags?post=3174"}],"curies":[{"name":"wp","href":"https:\/\/api.w.org\/{rel}","templated":true}]}}