{"id":3176,"date":"2021-05-08T07:06:22","date_gmt":"2021-05-08T07:06:22","guid":{"rendered":"https:\/\/krankenhauspfarramt.de\/index.php\/2021\/05\/08\/matthias-kannengiesser-wird-praesident-der-generalsynode-der-velkd-ekd\/"},"modified":"2021-05-08T07:06:23","modified_gmt":"2021-05-08T07:06:23","slug":"matthias-kannengiesser-wird-praesident-der-generalsynode-der-velkd-ekd","status":"publish","type":"post","link":"https:\/\/krankenhauspfarramt.de\/index.php\/2021\/05\/08\/matthias-kannengiesser-wird-praesident-der-generalsynode-der-velkd-ekd\/","title":{"rendered":"Matthias Kannengie\u00dfer wird Pr\u00e4sident der Generalsynode der VELKD \u2013 EKD"},"content":{"rendered":"<p> <br \/>\n<\/p>\n<div id=\"\">\n<div class=\"article--meta article--meta__border clearfix\">\n<p>                                    <time datetime=\"07.05.2021 11:00\" class=\"article--time\">07.05.2021<\/time><strong class=\"article--type primus--overline\">Pressemitteilung<\/strong><\/p>\n<picture class=\"article--source-image image\"><source srcset=\"https:\/\/ekd.de\/ekd_de\/ds_img\/assets\/velkd.jpg\"><!--<source srcset=\"\/ekd_de\/ds_img\/assets\/velkd_rdax_141x141.jpg 1x, \/ekd_de\/ds_img\/assets\/velkd_rdax_282x282.jpg 2x, https:\/\/ekd.de\/ekd_de\/ds_img\/assets\/velkd.jpg 3x\">--><\/source><\/picture>\n<\/p><\/div>\n<h2 class=\"article--sub-headline primus--sub-headline\">Synodale w\u00e4hlen f\u00fcnfk\u00f6pfiges Pr\u00e4sidium f\u00fcr die n\u00e4chsten sechs Jahre <\/h2>\n<\/p><\/div>\n<div id=\"\">\n<p>Dr. Matthias Kannengie\u00dfer (Evangelisch-lutherische Landeskirche Hannovers) ist zum Pr\u00e4sidenten der Generalsynode der Vereinigten Evangelisch-Lutherischen Kirche Deutschlands (VELKD) gew\u00e4hlt worden. Er folgt damit auf Prof. Dr. Dr. h. c. Wilfried Hartmann, der das Amt von 2009 bis 2021 innehatte. Die Mitglieder der 13. Generalsynode der VELKD w\u00e4hlten den Richter am Landgericht Hannover auf ihrer konstituierenden Tagung mit 44 von 47 Stimmen.<\/p>\n<p>Als 1. Vizepr\u00e4sidentin wurde Pr\u00f6pstin Martina Helmer-Pham Xuan gew\u00e4hlt (Evangelisch-lutherische Landeskirche in Braunschweig), 2. Vizepr\u00e4sident ist Pfarrer Dr.\u00a0Norbert Roth (Evangelisch-Lutherische Kirche in Bayern); als Beisitzerinnen geh\u00f6ren Theresa Lange (Evangelisch-Lutherische Landeskirche Sachsens) und Lena Lothring (Evangelische Kirche in Mitteldeutschland) dem Pr\u00e4sidium der Generalsynode an. Das f\u00fcnfk\u00f6pfige Pr\u00e4sidium leitet die Generalsynode und ist f\u00fcr die beginnende Synodalperiode von sechs Jahren gew\u00e4hlt.<\/p>\n<p>Anl\u00e4sslich seiner Wahl sagt Kannengie\u00dfer, der seit 2014 auch Pr\u00e4sident der Landessynode der Evangelisch-lutherischen Landeskirche Hannovers ist: \u201eEs ist f\u00fcr mich eine gro\u00dfe Ehre, der 13. Generalsynode der VELKD als Pr\u00e4sident vorstehen zu d\u00fcrfen. Ich danke sehr f\u00fcr das mir entgegengebrachte Vertrauen und freue mich auf eine ertragreiche Zusammenarbeit in der Generalsynode und viele engagierte Beratungen in guter geschwisterlicher Atmosph\u00e4re.\u201c<\/p>\n<p>Hannover, 7. Mai 2021<\/p>\n<p>Pressestelle der VELKD<br \/>Henrike M\u00fcller<\/p>\n<\/div>\n","protected":false},"excerpt":{"rendered":"<p>07.05.2021Pressemitteilung Synodale w\u00e4hlen f\u00fcnfk\u00f6pfiges Pr\u00e4sidium f\u00fcr die n\u00e4chsten sechs Jahre Dr. Matthias Kannengie\u00dfer (Evangelisch-lutherische Landeskirche Hannovers) ist zum Pr\u00e4sidenten der<\/p>\n","protected":false},"author":1,"featured_media":3177,"comment_status":"closed","ping_status":"closed","sticky":false,"template":"","format":"standard","meta":{"footnotes":""},"categories":[20],"tags":[],"_links":{"self":[{"href":"https:\/\/krankenhauspfarramt.de\/index.php\/wp-json\/wp\/v2\/posts\/3176"}],"collection":[{"href":"https:\/\/krankenhauspfarramt.de\/index.php\/wp-json\/wp\/v2\/posts"}],"about":[{"href":"https:\/\/krankenhauspfarramt.de\/index.php\/wp-json\/wp\/v2\/types\/post"}],"author":[{"embeddable":true,"href":"https:\/\/krankenhauspfarramt.de\/index.php\/wp-json\/wp\/v2\/users\/1"}],"replies":[{"embeddable":true,"href":"https:\/\/krankenhauspfarramt.de\/index.php\/wp-json\/wp\/v2\/comments?post=3176"}],"version-history":[{"count":1,"href":"https:\/\/krankenhauspfarramt.de\/index.php\/wp-json\/wp\/v2\/posts\/3176\/revisions"}],"predecessor-version":[{"id":3178,"href":"https:\/\/krankenhauspfarramt.de\/index.php\/wp-json\/wp\/v2\/posts\/3176\/revisions\/3178"}],"wp:featuredmedia":[{"embeddable":true,"href":"https:\/\/krankenhauspfarramt.de\/index.php\/wp-json\/wp\/v2\/media\/3177"}],"wp:attachment":[{"href":"https:\/\/krankenhauspfarramt.de\/index.php\/wp-json\/wp\/v2\/media?parent=3176"}],"wp:term":[{"taxonomy":"category","embeddable":true,"href":"https:\/\/krankenhauspfarramt.de\/index.php\/wp-json\/wp\/v2\/categories?post=3176"},{"taxonomy":"post_tag","embeddable":true,"href":"https:\/\/krankenhauspfarramt.de\/index.php\/wp-json\/wp\/v2\/tags?post=3176"}],"curies":[{"name":"wp","href":"https:\/\/api.w.org\/{rel}","templated":true}]}}