{"id":3179,"date":"2021-05-08T11:01:18","date_gmt":"2021-05-08T11:01:18","guid":{"rendered":"https:\/\/krankenhauspfarramt.de\/index.php\/2021\/05\/08\/anna-nicole-heinrich-zur-ekd-synodenpraeses-gewaehlt-ekd\/"},"modified":"2021-05-08T11:01:20","modified_gmt":"2021-05-08T11:01:20","slug":"anna-nicole-heinrich-zur-ekd-synodenpraeses-gewaehlt-ekd","status":"publish","type":"post","link":"https:\/\/krankenhauspfarramt.de\/index.php\/2021\/05\/08\/anna-nicole-heinrich-zur-ekd-synodenpraeses-gewaehlt-ekd\/","title":{"rendered":"Anna-Nicole Heinrich zur EKD-Synodenpr\u00e4ses gew\u00e4hlt \u2013 EKD"},"content":{"rendered":"<p> <br \/>\n<\/p>\n<div>\n<p>Mit Beginn einer neuen sechsj\u00e4hrigen Amtszeit der 13. Synode kandidierte die bisherige Pr\u00e4ses Irmgard Schwaetzer nicht mehr. Die 79 Jahre alte ehemalige Bundesministerin hatte die Synode fast acht Jahre lang geleitet.<\/p>\n<p>Dem Kirchenparlament steht ein Pr\u00e4sidium mit sieben Mitgliedern vor. Nach der Neubesetzung des Pr\u00e4sesamtes werden im Tagesverlauf auch zwei Vizepr\u00e4sides und vier Beisitzerinnen und Beisitzer neu gew\u00e4hlt.<\/p>\n<p>Das Amt als Synodenpr\u00e4ses ist zudem mit einem Sitz im Rat der EKD verbunden. Die \u00fcbrigen 14 Mitglieder diese Leitungsgremiums werden bei der Herbstsitzung der Synode im November neu gew\u00e4hlt. Dann wird auch der bisherige Ratsvorsitzende Heinrich Bedford-Strohm aus dem Amt scheiden.<\/p>\n<\/p><\/div>\n","protected":false},"excerpt":{"rendered":"<p>Mit Beginn einer neuen sechsj\u00e4hrigen Amtszeit der 13. Synode kandidierte die bisherige Pr\u00e4ses Irmgard Schwaetzer nicht mehr. Die 79 Jahre<\/p>\n","protected":false},"author":1,"featured_media":3180,"comment_status":"closed","ping_status":"closed","sticky":false,"template":"","format":"standard","meta":{"footnotes":""},"categories":[20],"tags":[],"_links":{"self":[{"href":"https:\/\/krankenhauspfarramt.de\/index.php\/wp-json\/wp\/v2\/posts\/3179"}],"collection":[{"href":"https:\/\/krankenhauspfarramt.de\/index.php\/wp-json\/wp\/v2\/posts"}],"about":[{"href":"https:\/\/krankenhauspfarramt.de\/index.php\/wp-json\/wp\/v2\/types\/post"}],"author":[{"embeddable":true,"href":"https:\/\/krankenhauspfarramt.de\/index.php\/wp-json\/wp\/v2\/users\/1"}],"replies":[{"embeddable":true,"href":"https:\/\/krankenhauspfarramt.de\/index.php\/wp-json\/wp\/v2\/comments?post=3179"}],"version-history":[{"count":1,"href":"https:\/\/krankenhauspfarramt.de\/index.php\/wp-json\/wp\/v2\/posts\/3179\/revisions"}],"predecessor-version":[{"id":3181,"href":"https:\/\/krankenhauspfarramt.de\/index.php\/wp-json\/wp\/v2\/posts\/3179\/revisions\/3181"}],"wp:featuredmedia":[{"embeddable":true,"href":"https:\/\/krankenhauspfarramt.de\/index.php\/wp-json\/wp\/v2\/media\/3180"}],"wp:attachment":[{"href":"https:\/\/krankenhauspfarramt.de\/index.php\/wp-json\/wp\/v2\/media?parent=3179"}],"wp:term":[{"taxonomy":"category","embeddable":true,"href":"https:\/\/krankenhauspfarramt.de\/index.php\/wp-json\/wp\/v2\/categories?post=3179"},{"taxonomy":"post_tag","embeddable":true,"href":"https:\/\/krankenhauspfarramt.de\/index.php\/wp-json\/wp\/v2\/tags?post=3179"}],"curies":[{"name":"wp","href":"https:\/\/api.w.org\/{rel}","templated":true}]}}