{"id":3206,"date":"2021-05-11T19:43:50","date_gmt":"2021-05-11T19:43:50","guid":{"rendered":"https:\/\/krankenhauspfarramt.de\/index.php\/2021\/05\/11\/alexa-kann-evangelisch-beten-ekd\/"},"modified":"2021-05-11T19:43:51","modified_gmt":"2021-05-11T19:43:51","slug":"alexa-kann-evangelisch-beten-ekd","status":"publish","type":"post","link":"https:\/\/krankenhauspfarramt.de\/index.php\/2021\/05\/11\/alexa-kann-evangelisch-beten-ekd\/","title":{"rendered":"\u201eAlexa\u201c kann evangelisch beten \u2013 EKD"},"content":{"rendered":"<p> <br \/>\n<\/p>\n<div>\n<p>\u201eWir sehen diese Skills als gro\u00dfe Chance, digital affine Menschen zu erreichen und ihnen auf spielerische Weise Antworten auf Glaubensfragen zu geben und eine geistliche Begleitung f\u00fcr den Alltag anzubieten\u201c, erl\u00e4uterte die Projektleiterin Birgit Arndt, Gesch\u00e4ftsf\u00fchrerin im Medienhaus der Evangelischen Kirche in Hessen und Nassau in Frankfurt.<\/p>\n<p>Bis Juni solle \u201eAlexa\u201c noch schlauer werden und Fragen nach Begriffen wie \u201eprotestantisch\u201c, \u201eevangelisch\u201c oder \u201ereformiert\u201c sowie nach Personen der Bibel und Kirchengeschichte beantworten k\u00f6nnen. Das Projekt wurde nach Arndts Angaben vom Digitalfonds der Evangelischen Kirche in Deutschland mit 60.000 Euro finanziert.<\/p>\n<\/p><\/div>\n","protected":false},"excerpt":{"rendered":"<p>\u201eWir sehen diese Skills als gro\u00dfe Chance, digital affine Menschen zu erreichen und ihnen auf spielerische Weise Antworten auf Glaubensfragen<\/p>\n","protected":false},"author":1,"featured_media":3199,"comment_status":"closed","ping_status":"closed","sticky":false,"template":"","format":"standard","meta":{"footnotes":""},"categories":[20],"tags":[],"_links":{"self":[{"href":"https:\/\/krankenhauspfarramt.de\/index.php\/wp-json\/wp\/v2\/posts\/3206"}],"collection":[{"href":"https:\/\/krankenhauspfarramt.de\/index.php\/wp-json\/wp\/v2\/posts"}],"about":[{"href":"https:\/\/krankenhauspfarramt.de\/index.php\/wp-json\/wp\/v2\/types\/post"}],"author":[{"embeddable":true,"href":"https:\/\/krankenhauspfarramt.de\/index.php\/wp-json\/wp\/v2\/users\/1"}],"replies":[{"embeddable":true,"href":"https:\/\/krankenhauspfarramt.de\/index.php\/wp-json\/wp\/v2\/comments?post=3206"}],"version-history":[{"count":1,"href":"https:\/\/krankenhauspfarramt.de\/index.php\/wp-json\/wp\/v2\/posts\/3206\/revisions"}],"predecessor-version":[{"id":3207,"href":"https:\/\/krankenhauspfarramt.de\/index.php\/wp-json\/wp\/v2\/posts\/3206\/revisions\/3207"}],"wp:featuredmedia":[{"embeddable":true,"href":"https:\/\/krankenhauspfarramt.de\/index.php\/wp-json\/wp\/v2\/media\/3199"}],"wp:attachment":[{"href":"https:\/\/krankenhauspfarramt.de\/index.php\/wp-json\/wp\/v2\/media?parent=3206"}],"wp:term":[{"taxonomy":"category","embeddable":true,"href":"https:\/\/krankenhauspfarramt.de\/index.php\/wp-json\/wp\/v2\/categories?post=3206"},{"taxonomy":"post_tag","embeddable":true,"href":"https:\/\/krankenhauspfarramt.de\/index.php\/wp-json\/wp\/v2\/tags?post=3206"}],"curies":[{"name":"wp","href":"https:\/\/api.w.org\/{rel}","templated":true}]}}