{"id":3208,"date":"2021-05-12T08:16:16","date_gmt":"2021-05-12T08:16:16","guid":{"rendered":"https:\/\/krankenhauspfarramt.de\/index.php\/2021\/05\/12\/gute-schule-durch-digitale-vernetzung-ekd\/"},"modified":"2021-05-12T08:16:18","modified_gmt":"2021-05-12T08:16:18","slug":"gute-schule-durch-digitale-vernetzung-ekd","status":"publish","type":"post","link":"https:\/\/krankenhauspfarramt.de\/index.php\/2021\/05\/12\/gute-schule-durch-digitale-vernetzung-ekd\/","title":{"rendered":"Gute Schule durch (digitale) Vernetzung \u2013 EKD"},"content":{"rendered":"<p> <br \/>\n<\/p>\n<div id=\"\">\n<div class=\"article--meta article--meta__border clearfix\">\n<p>                                    <time datetime=\"12.05.2021 09:00\" class=\"article--time\">12.05.2021<\/time><strong class=\"article--type primus--overline\">Pressemitteilung<\/strong><\/p>\n<picture class=\"article--source-image image\"><source srcset=\"https:\/\/ekd.de\/ekd_de\/ds_img\/assets\/20170622_ekd-Quellenlogo_141_rdax_423x118.png\"><!--<source srcset=\"\/ekd_de\/ds_img\/assets\/20170622_ekd-Quellenlogo_141_rdax_141x39.png 1x, \/ekd_de\/ds_img\/assets\/20170622_ekd-Quellenlogo_141_rdax_282x78.png 2x, https:\/\/ekd.de\/ekd_de\/ds_img\/assets\/20170622_ekd-Quellenlogo_141_rdax_423x118.png 3x\">--><\/source><\/picture>\n<\/p><\/div>\n<h2 class=\"article--sub-headline primus--sub-headline\">Evangelisches Gymnasium Nordhorn gewinnt Deutschen Schulpreis<\/h2>\n<\/p><\/div>\n<div id=\"\">\n<p>Das Evangelische Gymnasium Nordhorn hat den Deutschen Schulpreis gewonnen. Die Leiterin der Bildungsabteilung der Evangelischen Kirche in Deutschland (EKD), Birgit Sendler-Koschel, freut sich \u00fcber diese Auszeichnung f\u00fcr eine Schule in evangelischer Tr\u00e4gerschaft: \u201eSch\u00fcler*innen lernen Haltung und Mut durch Engagement und Vernetzung im Sozialraum. Hier hat das Evangelische Gymnasium Nordhorn (EGN) auch in der Pandemie Vorbildliches geleistet und Sch\u00fcler*innen erm\u00f6glicht, selber zum sozialen Zusammenhalt der Gesellschaft beizutragen. Die EKD ist stolz auf die Preistr\u00e4gerin, eine von 1135 weiteren engagierten evangelischen Schulen in Deutschland\u201c.<\/p>\n<p>Noch am Montagvormittag schrieb die Schule auf ihrem Instagram-Kanal: \u201eGanz egal, wie es heute ausgeht: bei 366 Bewerbungen um den deutschen Schulpreis geh\u00f6rt das EGN zu den 18 besten Schulen Deutschlands. Darauf k\u00f6nnen wir sehr stolz sein!\u201c. Wenige Stunden sp\u00e4ter stand fest: Bundespr\u00e4sident Frank-Walter Steinmeier verleiht der Schule von Schulleiterin Gabriele Obst den Schulpreis 20|21 Spezial.<\/p>\n<p>Insgesamt sieben Schulen wurden in diesem Jahr mit einem Hauptpreis gew\u00fcrdigt. Das EGN \u00fcberzeugte im Themenbereich \u201eTragf\u00e4hige Netzwerke kn\u00fcpfen\u201c mit dem innovativen Konzept \u201eDigitalisierung f\u00f6rdert Vernetzung\u201c. Seit Beginn der Pandemie wurden zahlreiche neue Unterrichts- und Freizeitangebote in kurzer Zeit entwickelt und \u00fcber eine Lernplattform zur Verf\u00fcgung gestellt; w\u00f6chentliche Andachten und ein schulweiter Gottesdienst st\u00e4rken den sozialen und spirituellen Austausch und Zusammenhalt; und das sozial-diakonische Praktikum wurde kurzerhand als Dienst f\u00fcr die Gemeinschaft ausgelegt und kann unter anderem als Einkaufshelferin und -helfer in der Nachbarschaft absolviert werden. Aber auch \u00fcber den Sozialraum hinaus nutzt das Evangelische Gymnasium die M\u00f6glichkeiten, die die Digitalisierung bietet. So wurden in den vergangenen Monaten Erasmus+ Partnerschaften zu Schulen im Ausland, Verbindungen zu Schulen in Deutschland \u00fcber das Netzwerk MINT-EC sowie Kooperationen mit Universit\u00e4ten, Kirche und Diakonie digital vertieft und gestaltet.<\/p>\n<p>Die Schule in Tr\u00e4gerschaft der Evangelisch-Lutherischen Landeskirche Hannovers sowie die weiteren Preistr\u00e4ger erhalten ein Preisgeld in H\u00f6he von je 10.000 Euro. Dar\u00fcber hinaus werden sie in das Preistr\u00e4gernetzwerk des Deutschen Schulpreises aufgenommen.<\/p>\n<p>Der Deutsche Schulpreis ist ein j\u00e4hrlicher Wettbewerb der Robert Bosch Stiftung und der Heidehof Stiftung in Zusammenarbeit mit der ARD und der ZEIT Verlagsgruppe. Unter dem Titel \u201eDeutscher Schulpreis 20|21 Spezial\u201c wurden in diesem Jahr statt des \u00fcblichen Hauptpreises sowie weiterer Sonderauszeichnungen sieben Hauptpreise verliehen.<\/p>\n<p>Hannover, 12. Mai 2021<\/p>\n<p>Pressestelle der EKD<br \/>Annika Lukas<\/p>\n<\/div>\n","protected":false},"excerpt":{"rendered":"<p>12.05.2021Pressemitteilung Evangelisches Gymnasium Nordhorn gewinnt Deutschen Schulpreis Das Evangelische Gymnasium Nordhorn hat den Deutschen Schulpreis gewonnen. Die Leiterin der Bildungsabteilung<\/p>\n","protected":false},"author":1,"featured_media":569,"comment_status":"closed","ping_status":"closed","sticky":false,"template":"","format":"standard","meta":{"footnotes":""},"categories":[20],"tags":[],"_links":{"self":[{"href":"https:\/\/krankenhauspfarramt.de\/index.php\/wp-json\/wp\/v2\/posts\/3208"}],"collection":[{"href":"https:\/\/krankenhauspfarramt.de\/index.php\/wp-json\/wp\/v2\/posts"}],"about":[{"href":"https:\/\/krankenhauspfarramt.de\/index.php\/wp-json\/wp\/v2\/types\/post"}],"author":[{"embeddable":true,"href":"https:\/\/krankenhauspfarramt.de\/index.php\/wp-json\/wp\/v2\/users\/1"}],"replies":[{"embeddable":true,"href":"https:\/\/krankenhauspfarramt.de\/index.php\/wp-json\/wp\/v2\/comments?post=3208"}],"version-history":[{"count":1,"href":"https:\/\/krankenhauspfarramt.de\/index.php\/wp-json\/wp\/v2\/posts\/3208\/revisions"}],"predecessor-version":[{"id":3209,"href":"https:\/\/krankenhauspfarramt.de\/index.php\/wp-json\/wp\/v2\/posts\/3208\/revisions\/3209"}],"wp:featuredmedia":[{"embeddable":true,"href":"https:\/\/krankenhauspfarramt.de\/index.php\/wp-json\/wp\/v2\/media\/569"}],"wp:attachment":[{"href":"https:\/\/krankenhauspfarramt.de\/index.php\/wp-json\/wp\/v2\/media?parent=3208"}],"wp:term":[{"taxonomy":"category","embeddable":true,"href":"https:\/\/krankenhauspfarramt.de\/index.php\/wp-json\/wp\/v2\/categories?post=3208"},{"taxonomy":"post_tag","embeddable":true,"href":"https:\/\/krankenhauspfarramt.de\/index.php\/wp-json\/wp\/v2\/tags?post=3208"}],"curies":[{"name":"wp","href":"https:\/\/api.w.org\/{rel}","templated":true}]}}