{"id":3210,"date":"2021-05-12T16:19:48","date_gmt":"2021-05-12T16:19:48","guid":{"rendered":"https:\/\/krankenhauspfarramt.de\/index.php\/2021\/05\/12\/gottes-gegenwart-in-corona-zeiten-in-gebet-und-gemeinschaft-spuerbar-ekd\/"},"modified":"2021-05-12T16:19:53","modified_gmt":"2021-05-12T16:19:53","slug":"gottes-gegenwart-in-corona-zeiten-in-gebet-und-gemeinschaft-spuerbar-ekd","status":"publish","type":"post","link":"https:\/\/krankenhauspfarramt.de\/index.php\/2021\/05\/12\/gottes-gegenwart-in-corona-zeiten-in-gebet-und-gemeinschaft-spuerbar-ekd\/","title":{"rendered":"Gottes Gegenwart in Corona-Zeiten in Gebet und Gemeinschaft sp\u00fcrbar \u2013 EKD"},"content":{"rendered":"<p> <br \/>\n<\/p>\n<div id=\"\">\n<div class=\"article--meta article--meta__border clearfix\">\n<p>                                    <time datetime=\"12.05.2021 15:30\" class=\"article--time\">12.05.2021<\/time><strong class=\"article--type primus--overline\">Pressemitteilung<\/strong><\/p>\n<picture class=\"article--source-image image\"><source srcset=\"https:\/\/ekd.de\/ekd_de\/ds_img\/assets\/20170622_ekd-Quellenlogo_141_rdax_423x118.png\"><!--<source srcset=\"\/ekd_de\/ds_img\/assets\/20170622_ekd-Quellenlogo_141_rdax_141x39.png 1x, \/ekd_de\/ds_img\/assets\/20170622_ekd-Quellenlogo_141_rdax_282x78.png 2x, https:\/\/ekd.de\/ekd_de\/ds_img\/assets\/20170622_ekd-Quellenlogo_141_rdax_423x118.png 3x\">--><\/source><\/picture>\n<\/p><\/div>\n<h2 class=\"article--sub-headline primus--sub-headline\">Botschaft des EKD-Ratsvorsitzenden Bedford-Strohm zum diesj\u00e4hrigen Himmelfahrtstag<\/h2>\n<\/p><\/div>\n<div id=\"\">\n<p class=\"EKDAdressdaten\">Zum morgigen Himmelfahrtstag hat der Ratsvorsitzende der Evangelischen Kirche in Deutschland (EKD), Landesbischof Heinrich Bedford-Strohm, auf die Gegenwart Christi auch und gerade in Krisenzeiten hingewiesen: \u201eChristi Himmelfahrt hei\u00dft nicht, dass Christus weg ist, sondern das genaue Gegenteil: Christus ist da und \u00f6ffnet den Himmel f\u00fcr uns. Der Himmelfahrtstag macht klar: Der auferstandene Jesus ist nicht mehr sichtbar, so wie er den J\u00fcngern damals sichtbar geworden ist. Aber er ist da, mit der Kraft seines Geistes, mit der Kraft seiner Liebe, mit der Kraft seines Trostes\u201c, so Bedford-Strohm. \u201eDie Gegenwart Christi in Corona-Zeiten sp\u00fcren wir im Gebet, im wechselseitigen Beistand, den Menschen sich geben, in der Gemeinschaft, die wir erfahren. Diese Gemeinschaft \u00fcbersteigt nationale, religi\u00f6se und kulturelle Grenzen und f\u00fchrt uns in eine weltweite Solidarit\u00e4t bei der Bew\u00e4ltigung der Pandemie\u201c.<\/p>\n<p class=\"EKDAdressdaten\">Jesu Himmelfahrt wird in der Bibel mit einer bildlichen Szene geschildert: 40 Tage lang war Jesus nach der Auferstehung mit seinen J\u00fcngern zusammen, dann \u201ewurde er vor ihren Augen emporgehoben, und eine Wolke nahm ihn auf, weg vor ihren Augen\u201c (Apostelgeschichte Kapitel1, Vers\u00a011). In der Himmelfahrt kommt zum Ausdruck, dass Jesus nicht mehr leiblich unter uns ist. Christen vertrauen darauf, dass er dennoch mit seiner Kraft und Liebe gegenw\u00e4rtig ist. Zahlreiche Kirchengemeinden feiern ihre Himmelfahrtsgottesdienste traditionell im Freien. Unter den derzeitigen Corona-Bedingungen wird auf diese Tradition verst\u00e4rkt zur\u00fcckgegriffen. Weiterhin bieten viele Kirchengemeinden aber auch Gottesdienste in digitalen Formaten an.<\/p>\n<p class=\"EKDAdressdaten\">Hannover, 12. Mai 2021<\/p>\n<p class=\"EKDAdressdaten\">Pressestelle der EKD<br \/>Carsten Splitt<\/p>\n<\/div>\n","protected":false},"excerpt":{"rendered":"<p>12.05.2021Pressemitteilung Botschaft des EKD-Ratsvorsitzenden Bedford-Strohm zum diesj\u00e4hrigen Himmelfahrtstag Zum morgigen Himmelfahrtstag hat der Ratsvorsitzende der Evangelischen Kirche in Deutschland (EKD),<\/p>\n","protected":false},"author":1,"featured_media":3211,"comment_status":"closed","ping_status":"closed","sticky":false,"template":"","format":"standard","meta":{"footnotes":""},"categories":[20],"tags":[],"_links":{"self":[{"href":"https:\/\/krankenhauspfarramt.de\/index.php\/wp-json\/wp\/v2\/posts\/3210"}],"collection":[{"href":"https:\/\/krankenhauspfarramt.de\/index.php\/wp-json\/wp\/v2\/posts"}],"about":[{"href":"https:\/\/krankenhauspfarramt.de\/index.php\/wp-json\/wp\/v2\/types\/post"}],"author":[{"embeddable":true,"href":"https:\/\/krankenhauspfarramt.de\/index.php\/wp-json\/wp\/v2\/users\/1"}],"replies":[{"embeddable":true,"href":"https:\/\/krankenhauspfarramt.de\/index.php\/wp-json\/wp\/v2\/comments?post=3210"}],"version-history":[{"count":1,"href":"https:\/\/krankenhauspfarramt.de\/index.php\/wp-json\/wp\/v2\/posts\/3210\/revisions"}],"predecessor-version":[{"id":3212,"href":"https:\/\/krankenhauspfarramt.de\/index.php\/wp-json\/wp\/v2\/posts\/3210\/revisions\/3212"}],"wp:featuredmedia":[{"embeddable":true,"href":"https:\/\/krankenhauspfarramt.de\/index.php\/wp-json\/wp\/v2\/media\/3211"}],"wp:attachment":[{"href":"https:\/\/krankenhauspfarramt.de\/index.php\/wp-json\/wp\/v2\/media?parent=3210"}],"wp:term":[{"taxonomy":"category","embeddable":true,"href":"https:\/\/krankenhauspfarramt.de\/index.php\/wp-json\/wp\/v2\/categories?post=3210"},{"taxonomy":"post_tag","embeddable":true,"href":"https:\/\/krankenhauspfarramt.de\/index.php\/wp-json\/wp\/v2\/tags?post=3210"}],"curies":[{"name":"wp","href":"https:\/\/api.w.org\/{rel}","templated":true}]}}