{"id":3222,"date":"2021-05-17T09:45:39","date_gmt":"2021-05-17T09:45:39","guid":{"rendered":"https:\/\/krankenhauspfarramt.de\/index.php\/2021\/05\/17\/14-05-2021-andrea-holm-wird-neue-schuldekanin-in-biberach\/"},"modified":"2021-05-17T09:45:39","modified_gmt":"2021-05-17T09:45:39","slug":"14-05-2021-andrea-holm-wird-neue-schuldekanin-in-biberach","status":"publish","type":"post","link":"https:\/\/krankenhauspfarramt.de\/index.php\/2021\/05\/17\/14-05-2021-andrea-holm-wird-neue-schuldekanin-in-biberach\/","title":{"rendered":"14.05.2021 Andrea Holm wird neue Schuldekanin in Biberach"},"content":{"rendered":"<p><img decoding=\"async\" src=\"https:\/\/www.elk-wue.de\/\" \/><\/p>\n<div id=\"c28286\">\n<header>\n<h2 class=\"b_is-headline\">Andrea Holm wird neue Schuldekanin in Biberach<\/h2>\n<h3>Die 58-j\u00e4hrige Pfarrerin m\u00f6chte Religionslehrkr\u00e4fte auch mit spirituellen Angeboten unterst\u00fctzen<\/h3>\n<\/header>\n<p>Biberach. Andrea Holm wird die neue Schuldekanin von Biberach. Die 58-j\u00e4hrige Ulmer Jugendpfarrerin ist in dieser Woche in das neue Amt gew\u00e4hlt worden. Sie tritt die Stelle zum Schuljahr 2021\/22 an.<\/p>\n<p>\u201eIch freue mich, dass in unserem Bundesland Religionsunterricht als ordentliches Lehrfach unterrichtet wird. Hier als Schuldekanin einen guten Rahmen f\u00fcr die Unterrichtenden zu gew\u00e4hrleisten, sehe ich als meine wichtige Aufgabe an\u201c, sagt die geb\u00fcrtige Sindelfingerin.<\/p>\n<p>Als Jugendpfarrerin im Ulm habe sie sich mit Interesse und Engagement in die heutige Lebenswelt von Kindern und Jugendlichen eingearbeitet und durch den Kontakt zu ihnen erfahren, welche Projekte und Kooperationen mit Schulen f\u00fcr die Sch\u00fclerinnen und Sch\u00fcler wichtig sind, macht Andrea Holm deutlich. Ihr Augenmerk liegt auch auf der \u00f6kumenischen Zusammenarbeit an Schulen, und als geistliche Begleiterin m\u00f6chte sie den Lehrkr\u00e4ften auch spirituelle Angebote machen.<\/p>\n<p>Nach ihrem Theologiestudium in T\u00fcbingen, Montpellier (Frankreich) und Marburg an der Lahn war Andrea Holm unter anderem in Blaufelden, Ravensburg und Ulm als Pfarrerin t\u00e4tig. 2015 trat sie die Stelle als Jugendpfarrerin in Ulm an. Sie ist verheiratet mit Thomas Holm, Schuldekan von Ulm und Blaubeuren, und hat vier T\u00f6chter und einen Sohn im Alter von 21 bis 33 Jahren. In Ihrer Freizeit pilgert sie gern, liest, malt und genie\u00dft guten Kaffee.<\/p>\n<p class=\"Default\">Andrea Holms k\u00fcnftiger Zust\u00e4ndigkeitsbereich umfasst den Kirchenbezirk Biberach, in dem 170 staatliche und 39 kirchliche Lehrkr\u00e4fte an 169 Schulen evangelische Religionslehre erteilen. Schuldekaninnen und Schuldekane tragen die Verantwortung f\u00fcr die religionsp\u00e4dagogische Bildungsarbeit in Kindertageseinrichtungen, Schulen, Kirchengemeinden und im Kirchenbezirk.<\/p>\n<p>Zu den zentralen Aufgaben geh\u00f6ren unter anderem Visitation, Aufsicht \u00fcber den Evangelischen Religionsunterricht, Aufsicht \u00fcber staatliche und kirchliche Lehrkr\u00e4fte, Begleitung und Beratung, Gew\u00e4hrleistung der Unterrichtsversorgung in Zusammenarbeit mit Schulleitungen und Schulverwaltung und die Mitwirkung bei religionsp\u00e4dagogischen Pr\u00fcfungen.<\/p>\n<p>Ein druckf\u00e4higes Bild von Andrea Holm finden Sie in unter www.elk-wue.de\/presse\/pressefotos\/aktuelles<\/p>\n<\/div>\n","protected":false},"excerpt":{"rendered":"<p>Andrea Holm wird neue Schuldekanin in Biberach Die 58-j\u00e4hrige Pfarrerin m\u00f6chte Religionslehrkr\u00e4fte auch mit spirituellen Angeboten unterst\u00fctzen Biberach. Andrea Holm<\/p>\n","protected":false},"author":1,"featured_media":0,"comment_status":"closed","ping_status":"closed","sticky":false,"template":"","format":"standard","meta":{"footnotes":""},"categories":[21],"tags":[],"_links":{"self":[{"href":"https:\/\/krankenhauspfarramt.de\/index.php\/wp-json\/wp\/v2\/posts\/3222"}],"collection":[{"href":"https:\/\/krankenhauspfarramt.de\/index.php\/wp-json\/wp\/v2\/posts"}],"about":[{"href":"https:\/\/krankenhauspfarramt.de\/index.php\/wp-json\/wp\/v2\/types\/post"}],"author":[{"embeddable":true,"href":"https:\/\/krankenhauspfarramt.de\/index.php\/wp-json\/wp\/v2\/users\/1"}],"replies":[{"embeddable":true,"href":"https:\/\/krankenhauspfarramt.de\/index.php\/wp-json\/wp\/v2\/comments?post=3222"}],"version-history":[{"count":0,"href":"https:\/\/krankenhauspfarramt.de\/index.php\/wp-json\/wp\/v2\/posts\/3222\/revisions"}],"wp:attachment":[{"href":"https:\/\/krankenhauspfarramt.de\/index.php\/wp-json\/wp\/v2\/media?parent=3222"}],"wp:term":[{"taxonomy":"category","embeddable":true,"href":"https:\/\/krankenhauspfarramt.de\/index.php\/wp-json\/wp\/v2\/categories?post=3222"},{"taxonomy":"post_tag","embeddable":true,"href":"https:\/\/krankenhauspfarramt.de\/index.php\/wp-json\/wp\/v2\/tags?post=3222"}],"curies":[{"name":"wp","href":"https:\/\/api.w.org\/{rel}","templated":true}]}}