{"id":3238,"date":"2021-05-25T07:53:57","date_gmt":"2021-05-25T07:53:57","guid":{"rendered":"https:\/\/krankenhauspfarramt.de\/index.php\/2021\/05\/25\/zahl-der-politischen-gefangenen-in-belarus-waechst-taeglich-ekd\/"},"modified":"2021-05-25T07:54:00","modified_gmt":"2021-05-25T07:54:00","slug":"zahl-der-politischen-gefangenen-in-belarus-waechst-taeglich-ekd","status":"publish","type":"post","link":"https:\/\/krankenhauspfarramt.de\/index.php\/2021\/05\/25\/zahl-der-politischen-gefangenen-in-belarus-waechst-taeglich-ekd\/","title":{"rendered":"\u201eZahl der politischen Gefangenen in Belarus w\u00e4chst t\u00e4glich\u201c \u2013 EKD"},"content":{"rendered":"<p> <br \/>\n<\/p>\n<div id=\"\">\n<div class=\"article--meta article--meta__border clearfix\">\n<p>                                    <time datetime=\"25.05.2021 09:00\" class=\"article--time\">25.05.2021<\/time><strong class=\"article--type primus--overline\">Pressemitteilung<\/strong><\/p>\n<picture class=\"article--source-image image\"><source srcset=\"https:\/\/ekd.de\/ekd_de\/ds_img\/assets\/20170622_ekd-Quellenlogo_141_rdax_423x118.png\"><!--<source srcset=\"\/ekd_de\/ds_img\/assets\/20170622_ekd-Quellenlogo_141_rdax_141x39.png 1x, \/ekd_de\/ds_img\/assets\/20170622_ekd-Quellenlogo_141_rdax_282x78.png 2x, https:\/\/ekd.de\/ekd_de\/ds_img\/assets\/20170622_ekd-Quellenlogo_141_rdax_423x118.png 3x\">--><\/source><\/picture>\n<\/p><\/div>\n<h2 class=\"article--sub-headline primus--sub-headline\">EKD-Auslandsbisch\u00f6fin Bosse-Huber fordert die unverz\u00fcgliche Freilassung von Roman Protasewitsch und mehr als 400 inhaftierten Regimekritikern<\/h2>\n<\/p><\/div>\n<div id=\"\">\n<p class=\"EKDAdressdaten\">Zur staatlich erzwungenen Umleitung eines Ryanair-Flugzeugs nach Belarus und der Verhaftung des regimekritischen Journalisten &amp; Bloggers Roman Protasewitsch \u00e4u\u00dferte sich die Auslandsbisch\u00f6fin der Evangelischen Kirche in Deutschland (EKD), Petra Bosse-Huber, wie folgt:<\/p>\n<p class=\"EKDAdressdaten\">\u201eDie Entf\u00fchrung von Roman Protasewitsch offenbart die erschreckende Unerbittlichkeit, mit der das Regime all diejenigen verfolgt, die sich in Belarus f\u00fcr Freiheit, Demokratie und Menschenrechte einsetzen. Zu welcher Brutalit\u00e4t Machthaber Lukaschenko greift, haben die vergangenen Monate gezeigt. Die Zahl der politischen Gefangenen in Belarus w\u00e4chst t\u00e4glich. Es sind bereits \u00fcber 400, die wegen ihrer Teilnahme an friedlichen Demonstrationen verfolgt werden! Mit der eklatant gegen jedes Recht versto\u00dfenden Verschleppung von Roman Protasewitsch sendet Lukaschenko jetzt das Signal, dass niemand, der sich gegen ihn stellt, sicher ist \u2013 auch nicht im Ausland. Ich erwarte, dass die Regierungen der europ\u00e4ischen Staaten und die Europ\u00e4ische Union eine angemessene politische Antwort auf diese Entf\u00fchrung finden und \u00e4hnlich gef\u00e4hrdeten Mitgliedern der Freiheitsbewegung Schutz bieten. Von den belarussischen Beh\u00f6rden fordere ich, Roman Protasewitsch unverz\u00fcglich freizulassen \u2013 ebenso wie alle \u00fcbrigen politischen Gefangenen. Allen Menschen in Belarus, insbesondere den Gefangenen und ihren Familien und Freunden, gilt unsere ganze Aufmerksamkeit und Solidarit\u00e4t!\u201c<\/p>\n<p class=\"EKDAdressdaten\"><strong>Hintergrund <\/strong><\/p>\n<p class=\"EKDAdressdaten\">Die EKD ruft gemeinsam mit der Deutschen Gesellschaft f\u00fcr Osteuropakunde (DGO) und der belarussischen Menschenrechtsorganisation Vjasna zur Solidarit\u00e4t mit den politischen Gefangenen in Belarus auf und setzt sich f\u00fcr ihre Freilassung ein. Auf der Aktionswebsite www.100xSolidaritaet.de sind die Namen und Schicksale aller Inhaftierten ver\u00f6ffentlicht \u2013 sowie die Statements vieler Pers\u00f6nlichkeiten des \u00f6ffentlichen Lebens in Deutschland, darunter der Philosoph J\u00fcrgen Habermas, die Literaturnobelpreistr\u00e4gerin Herta M\u00fcller, Ministerpr\u00e4sident Bodo Ramelow, die Publizistin Carolin Emcke, die Musikerin Anne-Sophie Mutter, der Regisseur Milo Rau, die Schriftstellerin Sibylle Berg und viele andere. Dazu gibt es auf der Aktionswebseite die M\u00f6glichkeit, unkompliziert Briefe an die Inhaftierten zu schicken.<\/p>\n<p class=\"EKDAdressdaten\">Hannover, 25. Mai 2021<\/p>\n<p class=\"EKDAdressdaten\">Pressestelle der EKD<br \/>Carsten Splitt<\/p>\n<\/div>\n","protected":false},"excerpt":{"rendered":"<p>25.05.2021Pressemitteilung EKD-Auslandsbisch\u00f6fin Bosse-Huber fordert die unverz\u00fcgliche Freilassung von Roman Protasewitsch und mehr als 400 inhaftierten Regimekritikern Zur staatlich erzwungenen Umleitung<\/p>\n","protected":false},"author":1,"featured_media":569,"comment_status":"closed","ping_status":"closed","sticky":false,"template":"","format":"standard","meta":{"footnotes":""},"categories":[20],"tags":[],"_links":{"self":[{"href":"https:\/\/krankenhauspfarramt.de\/index.php\/wp-json\/wp\/v2\/posts\/3238"}],"collection":[{"href":"https:\/\/krankenhauspfarramt.de\/index.php\/wp-json\/wp\/v2\/posts"}],"about":[{"href":"https:\/\/krankenhauspfarramt.de\/index.php\/wp-json\/wp\/v2\/types\/post"}],"author":[{"embeddable":true,"href":"https:\/\/krankenhauspfarramt.de\/index.php\/wp-json\/wp\/v2\/users\/1"}],"replies":[{"embeddable":true,"href":"https:\/\/krankenhauspfarramt.de\/index.php\/wp-json\/wp\/v2\/comments?post=3238"}],"version-history":[{"count":1,"href":"https:\/\/krankenhauspfarramt.de\/index.php\/wp-json\/wp\/v2\/posts\/3238\/revisions"}],"predecessor-version":[{"id":3239,"href":"https:\/\/krankenhauspfarramt.de\/index.php\/wp-json\/wp\/v2\/posts\/3238\/revisions\/3239"}],"wp:featuredmedia":[{"embeddable":true,"href":"https:\/\/krankenhauspfarramt.de\/index.php\/wp-json\/wp\/v2\/media\/569"}],"wp:attachment":[{"href":"https:\/\/krankenhauspfarramt.de\/index.php\/wp-json\/wp\/v2\/media?parent=3238"}],"wp:term":[{"taxonomy":"category","embeddable":true,"href":"https:\/\/krankenhauspfarramt.de\/index.php\/wp-json\/wp\/v2\/categories?post=3238"},{"taxonomy":"post_tag","embeddable":true,"href":"https:\/\/krankenhauspfarramt.de\/index.php\/wp-json\/wp\/v2\/tags?post=3238"}],"curies":[{"name":"wp","href":"https:\/\/api.w.org\/{rel}","templated":true}]}}