{"id":3243,"date":"2021-05-28T13:04:50","date_gmt":"2021-05-28T13:04:50","guid":{"rendered":"https:\/\/krankenhauspfarramt.de\/index.php\/2021\/05\/28\/katholische-und-evangelische-kirche-zum-lieferkettengesetz-ekd\/"},"modified":"2021-05-28T13:04:55","modified_gmt":"2021-05-28T13:04:55","slug":"katholische-und-evangelische-kirche-zum-lieferkettengesetz-ekd","status":"publish","type":"post","link":"https:\/\/krankenhauspfarramt.de\/index.php\/2021\/05\/28\/katholische-und-evangelische-kirche-zum-lieferkettengesetz-ekd\/","title":{"rendered":"Katholische und evangelische Kirche zum Lieferkettengesetz \u2013 EKD"},"content":{"rendered":"<p> <br \/>\n<\/p>\n<div id=\"\">\n<div class=\"article--meta article--meta__border clearfix\">\n<p>                                    <time datetime=\"28.05.2021 14:30\" class=\"article--time\">28.05.2021<\/time><strong class=\"article--type primus--overline\">Pressemitteilung<\/strong><\/p>\n<picture class=\"article--source-image image\"><source srcset=\"https:\/\/ekd.de\/ekd_de\/ds_img\/assets\/20170622_ekd-Quellenlogo_141_rdax_423x118.png\"><!--<source srcset=\"\/ekd_de\/ds_img\/assets\/20170622_ekd-Quellenlogo_141_rdax_141x39.png 1x, \/ekd_de\/ds_img\/assets\/20170622_ekd-Quellenlogo_141_rdax_282x78.png 2x, https:\/\/ekd.de\/ekd_de\/ds_img\/assets\/20170622_ekd-Quellenlogo_141_rdax_423x118.png 3x\">--><\/source><\/picture>\n<\/p><\/div>\n<h2 class=\"article--sub-headline primus--sub-headline\">Wichtiger und notwendiger Schritt zum Schutz von Menschenrechten<\/h2>\n<\/p><\/div>\n<div id=\"\">\n<p>Der Leiter des Kommissariats der Deutschen Bisch\u00f6fe \u2013 Katholisches B\u00fcro in Berlin, Pr\u00e4lat Karl J\u00fcsten, und der Bevollm\u00e4chtigte des Rates der Evangelischen Kirche in Deutschland (EKD) bei der Bundesrepublik Deutschland und der Europ\u00e4ischen Union, Pr\u00e4lat Martin Dutzmann, haben heute (28. Mai 2021) die Einigung der Koalition zum Gesetz \u00fcber die unternehmerischen Sorgfaltspflichten in Lieferketten ausdr\u00fccklich begr\u00fc\u00dft. Die Verabschiedung des Gesetzes noch in dieser Legislaturperiode sei ein wichtiger und notwendiger Schritt, um den Schutz von Menschenrechten und Umwelt nicht nur in Deutschland, sondern weltweit zu st\u00e4rken.<\/p>\n<p>\u201eBereits im vergangenen Jahr haben \u00fcber 250 Bisch\u00f6fe weltweit gefordert, die Menschenrechte entlang der Lieferketten effektiv zu sch\u00fctzen und die Rechte der Betroffenen zu wahren\u201c, erkl\u00e4rt Pr\u00e4lat J\u00fcsten. \u201eAuch die Synode der EKD hat sich f\u00fcr die Einf\u00fchrung des Lieferkettengesetzes stark gemacht. Nur so kann erreicht werden, dass den in ihrer W\u00fcrde und ihren Rechten verletzten Menschen entlang der Lieferketten geholfen und die Umwelt gesch\u00fctzt wird,\u201c so Pr\u00e4lat Dutzmann. Deutschland folgt damit dem Beispiel einiger europ\u00e4ischer Nachbarl\u00e4nder wie der Niederlande und Frankreichs. Auch die Europ\u00e4ische Kommission arbeitet aktuell an einer einheitlichen europ\u00e4ischen gesetzlichen Regelung zum Schutz von Umwelt und Menschenrechten entlang der Lieferketten.<\/p>\n<p>\u201eGerade wir Deutschen profitieren von der globalisierten Wirtschaft und genie\u00dfen die M\u00f6glichkeiten, die damit einhergehen\u201c, erl\u00e4utert Pr\u00e4lat Dutzmann. \u201eEs liegt deshalb auch in unser aller Verantwortung, den Schutz der Menschenrechte und der Umwelt weltweit zu gew\u00e4hrleisten\u201c, erg\u00e4nzt Pr\u00e4lat J\u00fcsten. \u201eDie positiven Anreize, die sowohl wir als Verbraucher als auch die Unternehmen hierf\u00fcr setzen k\u00f6nnen, d\u00fcrfen wir nicht untersch\u00e4tzen\u201c.<\/p>\n<p><em>Der im Februar erschienene EKD-Text \u201eVerantwortung in globalen Lieferketten &#8211; Ihre menschenrechtliche und sozial-\u00f6kologische Gestaltung aus evangelischer Perspektive<\/em><em>\u201c <\/em><em>steht zum Download auf <\/em><em>www.ekd.de\/lieferketten<\/em><span style=\"text-decoration-line:underline; text-decoration-thickness:initial\"><em> <\/em><\/span><em>zur Verf\u00fcgung.<\/em><\/p>\n<p><em>Der Beschluss der 12. Synode der EKD vom 9. November 2020 f\u00fcr ein starkes Lieferkettengesetz ist unter dem folgenden Link herunterzuladen\u00a0<\/em><em>https:\/\/www.ekd.de\/beschlusse-synode-2020-60334.htm<\/em><\/p>\n<p>Hannover, 28. Mai 2021<\/p>\n<p class=\"EKDFlietext\">Pressestelle der EKD<br \/>Carsten Splitt<\/p>\n<\/div>\n","protected":false},"excerpt":{"rendered":"<p>28.05.2021Pressemitteilung Wichtiger und notwendiger Schritt zum Schutz von Menschenrechten Der Leiter des Kommissariats der Deutschen Bisch\u00f6fe \u2013 Katholisches B\u00fcro in<\/p>\n","protected":false},"author":1,"featured_media":569,"comment_status":"closed","ping_status":"closed","sticky":false,"template":"","format":"standard","meta":{"footnotes":""},"categories":[20],"tags":[],"_links":{"self":[{"href":"https:\/\/krankenhauspfarramt.de\/index.php\/wp-json\/wp\/v2\/posts\/3243"}],"collection":[{"href":"https:\/\/krankenhauspfarramt.de\/index.php\/wp-json\/wp\/v2\/posts"}],"about":[{"href":"https:\/\/krankenhauspfarramt.de\/index.php\/wp-json\/wp\/v2\/types\/post"}],"author":[{"embeddable":true,"href":"https:\/\/krankenhauspfarramt.de\/index.php\/wp-json\/wp\/v2\/users\/1"}],"replies":[{"embeddable":true,"href":"https:\/\/krankenhauspfarramt.de\/index.php\/wp-json\/wp\/v2\/comments?post=3243"}],"version-history":[{"count":1,"href":"https:\/\/krankenhauspfarramt.de\/index.php\/wp-json\/wp\/v2\/posts\/3243\/revisions"}],"predecessor-version":[{"id":3244,"href":"https:\/\/krankenhauspfarramt.de\/index.php\/wp-json\/wp\/v2\/posts\/3243\/revisions\/3244"}],"wp:featuredmedia":[{"embeddable":true,"href":"https:\/\/krankenhauspfarramt.de\/index.php\/wp-json\/wp\/v2\/media\/569"}],"wp:attachment":[{"href":"https:\/\/krankenhauspfarramt.de\/index.php\/wp-json\/wp\/v2\/media?parent=3243"}],"wp:term":[{"taxonomy":"category","embeddable":true,"href":"https:\/\/krankenhauspfarramt.de\/index.php\/wp-json\/wp\/v2\/categories?post=3243"},{"taxonomy":"post_tag","embeddable":true,"href":"https:\/\/krankenhauspfarramt.de\/index.php\/wp-json\/wp\/v2\/tags?post=3243"}],"curies":[{"name":"wp","href":"https:\/\/api.w.org\/{rel}","templated":true}]}}