{"id":3246,"date":"2021-05-31T12:30:48","date_gmt":"2021-05-31T12:30:48","guid":{"rendered":"https:\/\/krankenhauspfarramt.de\/index.php\/2021\/05\/31\/politiker-wuerdigen-rolle-der-kirchen-in-der-pandemie-ekd\/"},"modified":"2021-05-31T12:30:52","modified_gmt":"2021-05-31T12:30:52","slug":"politiker-wuerdigen-rolle-der-kirchen-in-der-pandemie-ekd","status":"publish","type":"post","link":"https:\/\/krankenhauspfarramt.de\/index.php\/2021\/05\/31\/politiker-wuerdigen-rolle-der-kirchen-in-der-pandemie-ekd\/","title":{"rendered":"Politiker w\u00fcrdigen Rolle der Kirchen in der Pandemie \u2013 EKD"},"content":{"rendered":"<p> <br \/>\n<\/p>\n<div>\n<p>Bielefelds Oberb\u00fcrgermeister Clausen betonte, die \u00c4u\u00dferungen der Kirche seien von den Werten der Verantwortung und der N\u00e4chstenliebe getragen. Er beklagte, nach \u00fcber einem Jahr Corona werde das anfangs noch sichtbare Gemeinschaftsgef\u00fchl zunehmend von Egoismen \u00fcberlagert. Herausforderungen wie die Pandemie seien jedoch nur zu bew\u00e4ltigen, wenn sie in einem gesellschaftlichen Zusammenhalt angegangen w\u00fcrden.<\/p>\n<p>Der Pr\u00e4ses der Evangelischen Kirche im Rheinland, Thorsten Latzel, sieht die benachbarten Landeskirchen im Rheinland und in Westfalen eng verbunden. Sie h\u00e4tten eine gro\u00dfe gemeinsame Geschichte, sagte er in einem Video-Gru\u00dfwort an die Synode. Die Frage sei nun: \u201eWerden wir gemeinsam auch Vorreiter f\u00fcr eine moderne Kirche der Zukunft sein?\u201c<\/p>\n<p>Der Essener Weihbischof Wilhelm Zimmermann warb f\u00fcr weitere Fortschritte der evangelischen und katholischen Kirche beim Thema Abendmahl. Offene Fragen d\u00fcrften nicht l\u00e4nger den weiteren Weg blockieren.&#8220;<\/p>\n<p>Die westf\u00e4lische Synode, die rund 2,1 Millionen Protestanten vertritt, tagt bis Mittwoch. Hauptthemen der Online-Beratungen sind das Verst\u00e4ndnis von Mission und eine Aufteilung der Pfarramts-Aufgaben auf Teams aus mehreren Berufen. Wegen der Pandemie ber\u00e4t die Synode per Videokonferenz, auch der Auftaktgottesdienst am Sonntag in Bielefeld wurde live im Internet \u00fcbertragen.<\/p>\n<\/p><\/div>\n","protected":false},"excerpt":{"rendered":"<p>Bielefelds Oberb\u00fcrgermeister Clausen betonte, die \u00c4u\u00dferungen der Kirche seien von den Werten der Verantwortung und der N\u00e4chstenliebe getragen. Er beklagte,<\/p>\n","protected":false},"author":1,"featured_media":3247,"comment_status":"closed","ping_status":"closed","sticky":false,"template":"","format":"standard","meta":{"footnotes":""},"categories":[20],"tags":[],"_links":{"self":[{"href":"https:\/\/krankenhauspfarramt.de\/index.php\/wp-json\/wp\/v2\/posts\/3246"}],"collection":[{"href":"https:\/\/krankenhauspfarramt.de\/index.php\/wp-json\/wp\/v2\/posts"}],"about":[{"href":"https:\/\/krankenhauspfarramt.de\/index.php\/wp-json\/wp\/v2\/types\/post"}],"author":[{"embeddable":true,"href":"https:\/\/krankenhauspfarramt.de\/index.php\/wp-json\/wp\/v2\/users\/1"}],"replies":[{"embeddable":true,"href":"https:\/\/krankenhauspfarramt.de\/index.php\/wp-json\/wp\/v2\/comments?post=3246"}],"version-history":[{"count":1,"href":"https:\/\/krankenhauspfarramt.de\/index.php\/wp-json\/wp\/v2\/posts\/3246\/revisions"}],"predecessor-version":[{"id":3248,"href":"https:\/\/krankenhauspfarramt.de\/index.php\/wp-json\/wp\/v2\/posts\/3246\/revisions\/3248"}],"wp:featuredmedia":[{"embeddable":true,"href":"https:\/\/krankenhauspfarramt.de\/index.php\/wp-json\/wp\/v2\/media\/3247"}],"wp:attachment":[{"href":"https:\/\/krankenhauspfarramt.de\/index.php\/wp-json\/wp\/v2\/media?parent=3246"}],"wp:term":[{"taxonomy":"category","embeddable":true,"href":"https:\/\/krankenhauspfarramt.de\/index.php\/wp-json\/wp\/v2\/categories?post=3246"},{"taxonomy":"post_tag","embeddable":true,"href":"https:\/\/krankenhauspfarramt.de\/index.php\/wp-json\/wp\/v2\/tags?post=3246"}],"curies":[{"name":"wp","href":"https:\/\/api.w.org\/{rel}","templated":true}]}}