{"id":3249,"date":"2021-05-31T13:47:39","date_gmt":"2021-05-31T13:47:39","guid":{"rendered":"https:\/\/krankenhauspfarramt.de\/index.php\/2021\/05\/31\/ekd-und-vem-begruessen-initiative-der-bundesregierung-der-anerkennung-des-voelkermords-in-namibia-ekd\/"},"modified":"2021-05-31T13:47:46","modified_gmt":"2021-05-31T13:47:46","slug":"ekd-und-vem-begruessen-initiative-der-bundesregierung-der-anerkennung-des-voelkermords-in-namibia-ekd","status":"publish","type":"post","link":"https:\/\/krankenhauspfarramt.de\/index.php\/2021\/05\/31\/ekd-und-vem-begruessen-initiative-der-bundesregierung-der-anerkennung-des-voelkermords-in-namibia-ekd\/","title":{"rendered":"EKD und VEM begr\u00fc\u00dfen Initiative der Bundesregierung der Anerkennung des V\u00f6lkermords in Namibia \u2013 EKD"},"content":{"rendered":"<p> <br \/>\n<\/p>\n<div id=\"\">\n<div class=\"article--meta article--meta__border clearfix\">\n<p>                                    <time datetime=\"31.05.2021 15:00\" class=\"article--time\">31.05.2021<\/time><strong class=\"article--type primus--overline\">Pressemitteilung<\/strong><\/p>\n<picture class=\"article--source-image image\"><source srcset=\"https:\/\/ekd.de\/ekd_de\/ds_img\/assets\/20170622_ekd-Quellenlogo_141_rdax_423x118.png\"><!--<source srcset=\"\/ekd_de\/ds_img\/assets\/20170622_ekd-Quellenlogo_141_rdax_141x39.png 1x, \/ekd_de\/ds_img\/assets\/20170622_ekd-Quellenlogo_141_rdax_282x78.png 2x, https:\/\/ekd.de\/ekd_de\/ds_img\/assets\/20170622_ekd-Quellenlogo_141_rdax_423x118.png 3x\">--><\/source><\/picture>\n<\/p><\/div>\n<h2 class=\"article--sub-headline primus--sub-headline\">\u201eM\u00f6ge dies Vers\u00f6hnung konkret und fassbar und erfahrbar f\u00fcr alle Menschen in Namibia werden lassen\u201c<\/h2>\n<\/p><\/div>\n<div id=\"\">\n<p>\u201eUnd vergib uns unsere Schuld\u201c \u2013 mit dieser Bitte aus dem Vaterunser bat 2004 die damalige Entwicklungshilfeministerin Heidemarie\u00a0Wieczorek-Zeul am Waterberg, einem der Orte des deutschen V\u00f6lkermordes in Namibia, um Vergebung in der Form eines Gebetes. Zwischen 1904 und 1908 wurden gro\u00dfe Teile der Herero, Damara und Nama von der Deutschen Schutzgruppe der Kolonialmacht ermordet. Damals k\u00e4mpften Menschen f\u00fcr ihr eigenes Land gegen die Ausbeutung und Entrechtung durch die Kolonialmacht.<\/p>\n<p>\u201eNach Jahren der Vers\u00f6hnungsarbeit und Aufarbeitung der Kolonialzeit in Politik, Kirche, Mission und Wissenschaft bin ich sehr froh, dass auf die Bitte um Vergebung nun konkrete Taten der deutschen Au\u00dfenpolitik folgen und durch die Stellungnahme von Au\u00dfenminister Maas der V\u00f6lkermord als solcher bezeichnet wird\u201c, so Bisch\u00f6fin Bosse-Huber. \u201eM\u00f6ge dies Vers\u00f6hnung konkret und fassbar und erfahrbar f\u00fcr alle Menschen in Namibia werden lassen.\u201c<\/p>\n<p>Es waren die Kirchen in Namibia und Deutschland, insbesondere die Ev. Kirche im Rheinland und die Ev. Kirche von Westfalen zusammen mit der EKD und der Vereinten Evangelischen Mission, die die konkrete Aufarbeitung forderten.<\/p>\n<p>Zephania Kameeta, Moderator der VEM, selbst Herero, war Mitinitiator der Begegnung und des Gebetes am Waterberg und hat sich auf beeindruckende Weise immer wieder f\u00fcr eine Vers\u00f6hnung aller ausgesprochen.<\/p>\n<p>So Kameeta in einer Rede vor dem Parlament in Namibia: \u201eIn dieser Stunde wird von uns erwartet, dass wir mutig und ehrlich sind und uns diesem mit den Kriegsfolgen verbundenen Themen stellen, wie wir auch den Kolonialismus bek\u00e4mpft und besiegt haben. Wir m\u00fcssen deshalb innerhalb und au\u00dferhalb dieses Hauses zusammenarbeiten, um die Tr\u00e4nen abzuwischen, die zerbrochenen Beziehungen wiederherzustellen.\u201c <span lang=\"EN-GB\">(\u201eThe hour demands from us to be brave and honest and to face this issue related to the consequences of the war and solve it as we confronted colonialism and defeated it. We therefore jointly inside and outside this House, must act together to wipe the tears, to bind the broken relationships and heal the wounds.\u201d)<\/span><\/p>\n<p>So entspricht der Vers\u00f6hnung das konkrete Programm der Bundesregierung von \u00fcber 1,1 Mrd. \u20ac zum Wiederaufbau und Entwicklung im gesamten Land \u2013 dies folgt dem, was der ehemalige Minister f\u00fcr Armutsbek\u00e4mpfung Kameeta intendierte: die Heilung von zerbrochenen Beziehungen aller Menschen in Namibia wie auch mit den Nachfahren der deutschen Kolonialmacht. Dies begr\u00fc\u00dft auch Dr.\u00a0Jochen Motte, Vorstandsmitglied der VEM: \u201eWir freuen uns, dass nun 15 Jahre nach dem Gedenken, endlich Bereitschaft auf Seiten Deutschlands besteht, Verantwortung f\u00fcr die Verbrechen und den V\u00f6lkermord zu \u00fcbernehmen und substanzielle Projekte zu f\u00f6rdern.\u201c<\/p>\n<p>\u201eWir hoffen sehr, dass gerade diese Initiative jetzt der relativen jungen Bev\u00f6lkerung Namibias helfen wird, soziale Gerechtigkeit zu erleben und gute Bildungschancen zu haben. Dadurch wird hoffentlich die gro\u00dfe Spanne zwischen arm und reich substanziell ver\u00e4ndert\u201c, so Bisch\u00f6fin Bosse-Huber.<\/p>\n<p>Hannover, 31. Mai 2021<\/p>\n<p>Pressestelle der EKD<br \/>Carsten Splitt<\/p>\n<\/div>\n","protected":false},"excerpt":{"rendered":"<p>31.05.2021Pressemitteilung \u201eM\u00f6ge dies Vers\u00f6hnung konkret und fassbar und erfahrbar f\u00fcr alle Menschen in Namibia werden lassen\u201c \u201eUnd vergib uns unsere<\/p>\n","protected":false},"author":1,"featured_media":569,"comment_status":"closed","ping_status":"closed","sticky":false,"template":"","format":"standard","meta":{"footnotes":""},"categories":[20],"tags":[],"_links":{"self":[{"href":"https:\/\/krankenhauspfarramt.de\/index.php\/wp-json\/wp\/v2\/posts\/3249"}],"collection":[{"href":"https:\/\/krankenhauspfarramt.de\/index.php\/wp-json\/wp\/v2\/posts"}],"about":[{"href":"https:\/\/krankenhauspfarramt.de\/index.php\/wp-json\/wp\/v2\/types\/post"}],"author":[{"embeddable":true,"href":"https:\/\/krankenhauspfarramt.de\/index.php\/wp-json\/wp\/v2\/users\/1"}],"replies":[{"embeddable":true,"href":"https:\/\/krankenhauspfarramt.de\/index.php\/wp-json\/wp\/v2\/comments?post=3249"}],"version-history":[{"count":1,"href":"https:\/\/krankenhauspfarramt.de\/index.php\/wp-json\/wp\/v2\/posts\/3249\/revisions"}],"predecessor-version":[{"id":3250,"href":"https:\/\/krankenhauspfarramt.de\/index.php\/wp-json\/wp\/v2\/posts\/3249\/revisions\/3250"}],"wp:featuredmedia":[{"embeddable":true,"href":"https:\/\/krankenhauspfarramt.de\/index.php\/wp-json\/wp\/v2\/media\/569"}],"wp:attachment":[{"href":"https:\/\/krankenhauspfarramt.de\/index.php\/wp-json\/wp\/v2\/media?parent=3249"}],"wp:term":[{"taxonomy":"category","embeddable":true,"href":"https:\/\/krankenhauspfarramt.de\/index.php\/wp-json\/wp\/v2\/categories?post=3249"},{"taxonomy":"post_tag","embeddable":true,"href":"https:\/\/krankenhauspfarramt.de\/index.php\/wp-json\/wp\/v2\/tags?post=3249"}],"curies":[{"name":"wp","href":"https:\/\/api.w.org\/{rel}","templated":true}]}}