{"id":3251,"date":"2021-05-31T16:35:16","date_gmt":"2021-05-31T16:35:16","guid":{"rendered":"https:\/\/krankenhauspfarramt.de\/index.php\/2021\/05\/31\/drei-religionen-unter-einem-dach-ekd\/"},"modified":"2021-05-31T16:35:19","modified_gmt":"2021-05-31T16:35:19","slug":"drei-religionen-unter-einem-dach-ekd","status":"publish","type":"post","link":"https:\/\/krankenhauspfarramt.de\/index.php\/2021\/05\/31\/drei-religionen-unter-einem-dach-ekd\/","title":{"rendered":"Drei Religionen unter einem Dach \u2013 EKD"},"content":{"rendered":"<p> <br \/>\n<\/p>\n<div>\n<p>Berlins Regierender B\u00fcrgermeister Michael M\u00fcller (SPD) betonte, es sei ein \u201eherausforderndes Projekt, aber auch eins mit gro\u00dfen Chancen f\u00fcr unsere Gemeinschaft\u201c. Er rief dazu auf, die neuen Gespr\u00e4chsm\u00f6glichkeiten, die sich durch das \u201eHouse of One\u201c ergeben, \u201emutig und mit wechselseitiger Neugier\u201c zu nutzen. Es solle als Ort \u201egelebter Vielfalt und belebender Debatten\u201c entwickelt werden.<\/p>\n<p>In einer Videobotschaft erkl\u00e4re die Generalsekret\u00e4rin der Organisation \u201eReligions for Peace\u201c mit Sitz in New York, Azza Karam, das \u201eHouse of One\u201c sei etwas \u201eBemerkenswertes f\u00fcr die gesamte Menschheit\u201c und k\u00f6nne einen Wendepunkt f\u00fcr das k\u00fcnftige Zusammenleben der Religionen markieren. Zuvor hatte Karam gegen\u00fcber dem Evangelischen Pressedienst (epd) das \u201eHouse of One\u201c als \u201emutigen Akt\u201c bezeichnet. Idee und Pr\u00e4senz des Sakralbaus seien in der heutigen Welt notwendig. Zugleich \u00e4u\u00dferte Karam die Hoffnung, dass das Berliner Projekt zu einer Normalisierung der religi\u00f6s-inspirierten Verst\u00e4ndigung zwischen Juden, Christen und Muslimen beitr\u00e4gt.<\/p>\n<p>Zu den Teilnehmern der feierlichen Grundsteinlegung z\u00e4hlten neben Pfarrer Gregor Hoberg, Rabbiner Andreas Nachama und Imam Kadir Sanci als Initiatoren und Repr\u00e4sentanten des \u201eHouse of One\u201c auch der Bischof der Evangelischen Kirche Berlin-Brandenburg-schlesische Oberlausitz, Christian St\u00e4blein, der Rektor des Abraham Geiger Kollegs in Potsdam, Rabbiner Walter Homolka, der Architekt Johannes Kuehn vom Berliner B\u00fcro Kuehn Malvezzi und der Vorsitzende des Verwaltungsdirektoriums \u201eHouse of One\u201c, Roland Stolte.<\/p>\n<p>Bei der Feier wurden unter anderem der Architektenentwurf sowie Gru\u00dfbotschaften aus aller Welt in eine Kapsel f\u00fcr den Grundstein eingelassen, die sp\u00e4ter auch vermauert werden soll. Die Baukosten f\u00fcr das \u201eHouse of One\u201c werden mit 47,3 Millionen Euro veranschlagt. Aus \u00f6ffentlichen Zuwendungen durch Bund und Land sowie durch private Spenden aus \u00fcber 60 L\u00e4ndern sind den Angaben zufolge bislang 40 Millionen Euro zusammengekommen.<\/p>\n<\/p><\/div>\n","protected":false},"excerpt":{"rendered":"<p>Berlins Regierender B\u00fcrgermeister Michael M\u00fcller (SPD) betonte, es sei ein \u201eherausforderndes Projekt, aber auch eins mit gro\u00dfen Chancen f\u00fcr unsere<\/p>\n","protected":false},"author":1,"featured_media":3252,"comment_status":"closed","ping_status":"closed","sticky":false,"template":"","format":"standard","meta":{"footnotes":""},"categories":[20],"tags":[],"_links":{"self":[{"href":"https:\/\/krankenhauspfarramt.de\/index.php\/wp-json\/wp\/v2\/posts\/3251"}],"collection":[{"href":"https:\/\/krankenhauspfarramt.de\/index.php\/wp-json\/wp\/v2\/posts"}],"about":[{"href":"https:\/\/krankenhauspfarramt.de\/index.php\/wp-json\/wp\/v2\/types\/post"}],"author":[{"embeddable":true,"href":"https:\/\/krankenhauspfarramt.de\/index.php\/wp-json\/wp\/v2\/users\/1"}],"replies":[{"embeddable":true,"href":"https:\/\/krankenhauspfarramt.de\/index.php\/wp-json\/wp\/v2\/comments?post=3251"}],"version-history":[{"count":1,"href":"https:\/\/krankenhauspfarramt.de\/index.php\/wp-json\/wp\/v2\/posts\/3251\/revisions"}],"predecessor-version":[{"id":3253,"href":"https:\/\/krankenhauspfarramt.de\/index.php\/wp-json\/wp\/v2\/posts\/3251\/revisions\/3253"}],"wp:featuredmedia":[{"embeddable":true,"href":"https:\/\/krankenhauspfarramt.de\/index.php\/wp-json\/wp\/v2\/media\/3252"}],"wp:attachment":[{"href":"https:\/\/krankenhauspfarramt.de\/index.php\/wp-json\/wp\/v2\/media?parent=3251"}],"wp:term":[{"taxonomy":"category","embeddable":true,"href":"https:\/\/krankenhauspfarramt.de\/index.php\/wp-json\/wp\/v2\/categories?post=3251"},{"taxonomy":"post_tag","embeddable":true,"href":"https:\/\/krankenhauspfarramt.de\/index.php\/wp-json\/wp\/v2\/tags?post=3251"}],"curies":[{"name":"wp","href":"https:\/\/api.w.org\/{rel}","templated":true}]}}