{"id":3270,"date":"2021-06-07T22:38:26","date_gmt":"2021-06-07T22:38:26","guid":{"rendered":"https:\/\/krankenhauspfarramt.de\/index.php\/2021\/06\/07\/evangelische-kirche-staerkt-diakonisch-gemeindepaedagogischen-dienst-ekd\/"},"modified":"2021-06-07T22:38:32","modified_gmt":"2021-06-07T22:38:32","slug":"evangelische-kirche-staerkt-diakonisch-gemeindepaedagogischen-dienst-ekd","status":"publish","type":"post","link":"https:\/\/krankenhauspfarramt.de\/index.php\/2021\/06\/07\/evangelische-kirche-staerkt-diakonisch-gemeindepaedagogischen-dienst-ekd\/","title":{"rendered":"Evangelische Kirche st\u00e4rkt diakonisch-gemeindep\u00e4dagogischen Dienst \u2013 EKD"},"content":{"rendered":"<p> <br \/>\n<\/p>\n<div id=\"\">\n<p>Mit einer heute erschienenen Publikation will die Evangelische Kirche in Deutschland (EKD) den diakonisch-gemeindep\u00e4dagogischen Dienst innerhalb der evangelischen Kirche st\u00e4rken. Der EKD-Text 137.1 \u201eDiakonisch-gemeindep\u00e4dagogischer Dienst \u2013 Empfehlungen f\u00fcr die Qualifikation. Gemeinsame Standards f\u00fcr die hochschulische Qualifikation f\u00fcr diakonisch-gemeindep\u00e4dagogische Arbeitsfelder in der verfassten Kirche\u201c beschreibt einheitliche Standards der qualifizierenden Studieng\u00e4nge und macht damit den Weg frei f\u00fcr eine bundesweite Anerkennung der hochschulischen Qualifikation. Zuvor hatte die Kirchenkonferenz der EKD entsprechende Standards beschlossen, die die \u201eGemischte Fachkommission f\u00fcr die Ausbildung im diakonisch-gemeindep\u00e4dagogischen Bereich\u201c erarbeitet hatte und die nun publiziert werden. \u201eIch bin dankbar, dass es gelungen ist, die Vielfalt der in den Landeskirchen und in der Diakonie gewachsenen Strukturen in gemeinsamen Standards zu verbinden, um jungen Menschen gute Anstellungsm\u00f6glichkeiten in allen Gliedkirchen der EKD zu er\u00f6ffnen\u201c, sagt die Leiterin der EKD-Bildungsabteilung Birgit Sendler-Koschel. Die beiden Vorsitzenden der Kommission, Hochschulrektorin Renate Kirchenhoff (Freiburg) und Oberkirchenrat Bernd Michael Haese (Nordkirche), arbeiten mit den Kommissionsmitgliedern weiter daran, dass auch fachschulische Ausbildungen bundesweit anerkannt werden k\u00f6nnen. \u201eDer diakonisch-gemeindep\u00e4dagogische Dienst ist ein attraktiver und wichtiger Beruf\u201c, betont Sendler-Koschel. Die Studierenden k\u00f6nnen sich mit dem neuen EKD-Text 137.1 nun schnell einen \u00dcberblick \u00fcber Anerkennung und Schwerpunkte einschl\u00e4gig qualifizierender Studieng\u00e4nge verschaffen und sich nach dem Studium \u00fcberall in Deutschland f\u00fcr spannende kirchliche und diakonische Aufgaben bewerben.<\/p>\n<p>Bestellung von Printexemplaren \u00fcber versand@ekd.de zu einem Preis von 1,80\u00a0Euro.<br \/><span lang=\"EN-US\">Download online: <\/span><span lang=\"EN-US\">www.ekd.de\/gemeinsame-standards-1<\/span><\/p>\n<p>Hannover, 7. Juni 2021<\/p>\n<p>Pressestelle der EKD<\/p>\n<\/div>\n","protected":false},"excerpt":{"rendered":"<p>Mit einer heute erschienenen Publikation will die Evangelische Kirche in Deutschland (EKD) den diakonisch-gemeindep\u00e4dagogischen Dienst innerhalb der evangelischen Kirche st\u00e4rken.<\/p>\n","protected":false},"author":1,"featured_media":677,"comment_status":"closed","ping_status":"closed","sticky":false,"template":"","format":"standard","meta":{"footnotes":""},"categories":[20],"tags":[],"_links":{"self":[{"href":"https:\/\/krankenhauspfarramt.de\/index.php\/wp-json\/wp\/v2\/posts\/3270"}],"collection":[{"href":"https:\/\/krankenhauspfarramt.de\/index.php\/wp-json\/wp\/v2\/posts"}],"about":[{"href":"https:\/\/krankenhauspfarramt.de\/index.php\/wp-json\/wp\/v2\/types\/post"}],"author":[{"embeddable":true,"href":"https:\/\/krankenhauspfarramt.de\/index.php\/wp-json\/wp\/v2\/users\/1"}],"replies":[{"embeddable":true,"href":"https:\/\/krankenhauspfarramt.de\/index.php\/wp-json\/wp\/v2\/comments?post=3270"}],"version-history":[{"count":1,"href":"https:\/\/krankenhauspfarramt.de\/index.php\/wp-json\/wp\/v2\/posts\/3270\/revisions"}],"predecessor-version":[{"id":3271,"href":"https:\/\/krankenhauspfarramt.de\/index.php\/wp-json\/wp\/v2\/posts\/3270\/revisions\/3271"}],"wp:featuredmedia":[{"embeddable":true,"href":"https:\/\/krankenhauspfarramt.de\/index.php\/wp-json\/wp\/v2\/media\/677"}],"wp:attachment":[{"href":"https:\/\/krankenhauspfarramt.de\/index.php\/wp-json\/wp\/v2\/media?parent=3270"}],"wp:term":[{"taxonomy":"category","embeddable":true,"href":"https:\/\/krankenhauspfarramt.de\/index.php\/wp-json\/wp\/v2\/categories?post=3270"},{"taxonomy":"post_tag","embeddable":true,"href":"https:\/\/krankenhauspfarramt.de\/index.php\/wp-json\/wp\/v2\/tags?post=3270"}],"curies":[{"name":"wp","href":"https:\/\/api.w.org\/{rel}","templated":true}]}}