{"id":3292,"date":"2021-06-11T15:29:00","date_gmt":"2021-06-11T15:29:00","guid":{"rendered":"https:\/\/krankenhauspfarramt.de\/index.php\/2021\/06\/11\/jeder-kann-etwas-tun-ekd\/"},"modified":"2021-06-11T15:29:03","modified_gmt":"2021-06-11T15:29:03","slug":"jeder-kann-etwas-tun-ekd","status":"publish","type":"post","link":"https:\/\/krankenhauspfarramt.de\/index.php\/2021\/06\/11\/jeder-kann-etwas-tun-ekd\/","title":{"rendered":"\u201eJeder kann etwas tun\u201c \u2013 EKD"},"content":{"rendered":"<p> <br \/>\n<\/p>\n<div>\n<p>Bedford-Strohm forderte eine sofortige humanit\u00e4re L\u00f6sung: \u201eEs geht hier um Menschen.\u201c Die Pandemie habe Europa gezeigt, \u201edass massive Krisen nur zu bew\u00e4ltigen sind, wenn Mitgef\u00fchl, Solidarit\u00e4t, kurz: Menschlichkeit mobilisiert werden kann\u201c, sagte er. Das m\u00fcsse nun auch bei der Seenotrettung und Aufnahme der Geretteten in Europa m\u00f6glich werden.<\/p>\n<p>\u201eWir d\u00fcrfen uns nicht entmutigen lassen, sondern m\u00fcssen unsere Wut in Energie umwandeln\u201c, sagte Schwickart und bezog sich auf die Festsetzung der \u201eSea-Eye 4\u201c in der vergangenen Woche. Das Rettungsschiff war im Hafen von Palermo auf Sizilien festgesetzt worden. Es ist neben der \u201eSea-Watch 4\u201c das zweite B\u00fcndnisschiff von United4Rescue. Die \u201eSea-Eye 4\u201c war seit Mai auf ihrem ersten Einsatz und hat nach Angaben der Organisation Sea-Eye bisher 408 Menschen aus Seenot gerettet.<\/p>\n<p>Anlass war die Verleihung des \u201eADC-Kreativawards\u201c an die Agentur Philipp und Keuntje f\u00fcr die Kampagne \u201eDrowned Requiem\u201c, die sie zur Spendensammlung f\u00fcr United4Rescue entwickelt hatte. Agenturchef Bernhard Fischer-Appelt widmete Bedford-Strohm die Auszeichnung und \u00fcberreichte ihm die Urkunde auf der Flussschifferkirche.<\/p>\n<\/p><\/div>\n","protected":false},"excerpt":{"rendered":"<p>Bedford-Strohm forderte eine sofortige humanit\u00e4re L\u00f6sung: \u201eEs geht hier um Menschen.\u201c Die Pandemie habe Europa gezeigt, \u201edass massive Krisen nur<\/p>\n","protected":false},"author":1,"featured_media":2705,"comment_status":"closed","ping_status":"closed","sticky":false,"template":"","format":"standard","meta":{"footnotes":""},"categories":[20],"tags":[],"_links":{"self":[{"href":"https:\/\/krankenhauspfarramt.de\/index.php\/wp-json\/wp\/v2\/posts\/3292"}],"collection":[{"href":"https:\/\/krankenhauspfarramt.de\/index.php\/wp-json\/wp\/v2\/posts"}],"about":[{"href":"https:\/\/krankenhauspfarramt.de\/index.php\/wp-json\/wp\/v2\/types\/post"}],"author":[{"embeddable":true,"href":"https:\/\/krankenhauspfarramt.de\/index.php\/wp-json\/wp\/v2\/users\/1"}],"replies":[{"embeddable":true,"href":"https:\/\/krankenhauspfarramt.de\/index.php\/wp-json\/wp\/v2\/comments?post=3292"}],"version-history":[{"count":1,"href":"https:\/\/krankenhauspfarramt.de\/index.php\/wp-json\/wp\/v2\/posts\/3292\/revisions"}],"predecessor-version":[{"id":3293,"href":"https:\/\/krankenhauspfarramt.de\/index.php\/wp-json\/wp\/v2\/posts\/3292\/revisions\/3293"}],"wp:featuredmedia":[{"embeddable":true,"href":"https:\/\/krankenhauspfarramt.de\/index.php\/wp-json\/wp\/v2\/media\/2705"}],"wp:attachment":[{"href":"https:\/\/krankenhauspfarramt.de\/index.php\/wp-json\/wp\/v2\/media?parent=3292"}],"wp:term":[{"taxonomy":"category","embeddable":true,"href":"https:\/\/krankenhauspfarramt.de\/index.php\/wp-json\/wp\/v2\/categories?post=3292"},{"taxonomy":"post_tag","embeddable":true,"href":"https:\/\/krankenhauspfarramt.de\/index.php\/wp-json\/wp\/v2\/tags?post=3292"}],"curies":[{"name":"wp","href":"https:\/\/api.w.org\/{rel}","templated":true}]}}