{"id":3294,"date":"2021-06-14T08:21:34","date_gmt":"2021-06-14T08:21:34","guid":{"rendered":"https:\/\/krankenhauspfarramt.de\/index.php\/2021\/06\/14\/luther-rose-2021-geht-an-theologen-wolfgang-huber-theologe-ekd\/"},"modified":"2021-06-14T08:21:37","modified_gmt":"2021-06-14T08:21:37","slug":"luther-rose-2021-geht-an-theologen-wolfgang-huber-theologe-ekd","status":"publish","type":"post","link":"https:\/\/krankenhauspfarramt.de\/index.php\/2021\/06\/14\/luther-rose-2021-geht-an-theologen-wolfgang-huber-theologe-ekd\/","title":{"rendered":"Luther-Rose 2021 geht an Theologen Wolfgang Huber, Theologe \u2013 EKD"},"content":{"rendered":"<p> <br \/>\n<\/p>\n<div>\n<p>Die Stiftung wolle den nachhaltigen Beitrag des 78-J\u00e4hrigen f\u00fcr einen sachorientierten, streitbaren und fairen Dialog zwischen Kirche und Wirtschaft ehren, begr\u00fcndete der Vorstandsvorsitzende der Stiftung, Thomas Seidel, die Entscheidung f\u00fcr den ehemaligen Berliner Landesbischof. Auch Hubers Werben f\u00fcr einen Br\u00fcckenschlag zwischen evangelischer Amtskirche und evangelikaler Bewegung, sein unerm\u00fcdliches Engagement f\u00fcr die Bewahrung und Erneuerung deutscher und internationaler Kultur sowie seine in christlicher Ethik gegr\u00fcndete politische Verantwortung sollen gew\u00fcrdigt werden.<\/p>\n<p>Die Laudatio auf Huber h\u00e4lt laut Stiftung Ellen Uebersch\u00e4r. Die evangelische Pfarrerin ist seit 2017 Vorstand der Heinrich-B\u00f6ll-Stiftung. Die am 10. November 2007 in Wittenberg errichtete Stiftung hat ihren Sitz in Eisenach und ihre Gesch\u00e4ftsstelle im Augustinerkloster in Erfurt. Sie will die Impulse der Reformation in einen Dialog zwischen Kirche, Wirtschaft, Wissenschaft und Politik einbringen. Mit der Luther-Rose wurden unter anderem der Unternehmer Horst Deichmann und die Verlegerin Ulla Unseld-Berk\u00e9wicz ausgezeichnet.<\/p>\n<\/p><\/div>\n","protected":false},"excerpt":{"rendered":"<p>Die Stiftung wolle den nachhaltigen Beitrag des 78-J\u00e4hrigen f\u00fcr einen sachorientierten, streitbaren und fairen Dialog zwischen Kirche und Wirtschaft ehren,<\/p>\n","protected":false},"author":1,"featured_media":1900,"comment_status":"closed","ping_status":"closed","sticky":false,"template":"","format":"standard","meta":{"footnotes":""},"categories":[20],"tags":[],"_links":{"self":[{"href":"https:\/\/krankenhauspfarramt.de\/index.php\/wp-json\/wp\/v2\/posts\/3294"}],"collection":[{"href":"https:\/\/krankenhauspfarramt.de\/index.php\/wp-json\/wp\/v2\/posts"}],"about":[{"href":"https:\/\/krankenhauspfarramt.de\/index.php\/wp-json\/wp\/v2\/types\/post"}],"author":[{"embeddable":true,"href":"https:\/\/krankenhauspfarramt.de\/index.php\/wp-json\/wp\/v2\/users\/1"}],"replies":[{"embeddable":true,"href":"https:\/\/krankenhauspfarramt.de\/index.php\/wp-json\/wp\/v2\/comments?post=3294"}],"version-history":[{"count":1,"href":"https:\/\/krankenhauspfarramt.de\/index.php\/wp-json\/wp\/v2\/posts\/3294\/revisions"}],"predecessor-version":[{"id":3295,"href":"https:\/\/krankenhauspfarramt.de\/index.php\/wp-json\/wp\/v2\/posts\/3294\/revisions\/3295"}],"wp:featuredmedia":[{"embeddable":true,"href":"https:\/\/krankenhauspfarramt.de\/index.php\/wp-json\/wp\/v2\/media\/1900"}],"wp:attachment":[{"href":"https:\/\/krankenhauspfarramt.de\/index.php\/wp-json\/wp\/v2\/media?parent=3294"}],"wp:term":[{"taxonomy":"category","embeddable":true,"href":"https:\/\/krankenhauspfarramt.de\/index.php\/wp-json\/wp\/v2\/categories?post=3294"},{"taxonomy":"post_tag","embeddable":true,"href":"https:\/\/krankenhauspfarramt.de\/index.php\/wp-json\/wp\/v2\/tags?post=3294"}],"curies":[{"name":"wp","href":"https:\/\/api.w.org\/{rel}","templated":true}]}}