{"id":3296,"date":"2021-06-14T09:54:13","date_gmt":"2021-06-14T09:54:13","guid":{"rendered":"https:\/\/krankenhauspfarramt.de\/index.php\/2021\/06\/14\/02-06-2021-praelat-im-ruhestand-hans-dieter-wille-feiert-75-geburtstag\/"},"modified":"2021-06-14T09:54:13","modified_gmt":"2021-06-14T09:54:13","slug":"02-06-2021-praelat-im-ruhestand-hans-dieter-wille-feiert-75-geburtstag","status":"publish","type":"post","link":"https:\/\/krankenhauspfarramt.de\/index.php\/2021\/06\/14\/02-06-2021-praelat-im-ruhestand-hans-dieter-wille-feiert-75-geburtstag\/","title":{"rendered":"02.06.2021 Pr\u00e4lat im Ruhestand Hans-Dieter Wille feiert 75. Geburtstag"},"content":{"rendered":"<p><img decoding=\"async\" src=\"https:\/\/www.elk-wue.de\/\" \/><\/p>\n<div id=\"c28852\">\n<header>\n<h2>Pr\u00e4lat im Ruhestand Hans-Dieter Wille feiert 75. Geburtstag<\/h2>\n<\/header>\n<p>Der Heilbronner Pr\u00e4lat im Ruhestand Hans-Dieter Wille wird am Samstag, 5. Juni, 75 Jahre alt. Landesbischof Dr. h. c. Frank Otfried July gratuliert ihm herzlich: \u201eHans-Dieter Wille m\u00f6chte Gottes Parteinahme f\u00fcr den Menschen in besonderer Weise bezeugen, bedenken und verk\u00fcndigen\u201c, sagt er und betont, wie sehr der fr\u00fchere Pr\u00e4lat Wille in allen seinen \u00c4mtern seine theologische Reflexionsf\u00e4higkeit mit seinen Aufgaben verkn\u00fcpft habe. Hans-Dieter Wille war von 2007 bis 2011 Pr\u00e4lat von Heilbronn.<\/p>\n<p>Nachdem er in den letzten Monaten gesundheitlich stark beeintr\u00e4chtigt war, widmet sich Wille jetzt wieder seinen zahlreichen Aufgaben: \u201eMein Lebensgef\u00fchl ist von gro\u00dfer Dankbarkeit meinem Gott gegen\u00fcber gepr\u00e4gt\u201c, sagt Hans-Dieter Wille. Er leitet zusammen mit seiner Frau die theologischen Tage der Evangelischen Akademikerschaft und organisiert Tagungen f\u00fcr Menschen im Ruhestand in den Tagungsst\u00e4tten Bad Boll und L\u00f6wenstein. Hinzu kommen Predigten, Vortr\u00e4ge und Bibelarbeiten. Bis vor kurzem war Hans-Dieter Wille jeweils sieben Jahre lang im Vorstand der Telefonseelsorge und als Vorsitzender der Stiftung Kirche und Kunst t\u00e4tig.<\/p>\n<p>Hans-Dieter Wille wurde in Th\u00fcringen geboren, floh mit seiner Familie aus der damaligen DDR und fand in Ebingen eine neue Heimat. Er studierte in T\u00fcbingen und Z\u00fcrich. Seine erste Pfarrstelle trat er 1978 in der Gemeinde der Stuttgarter Lukaskirche an. Von 1983 bis 1990 betreute Wille als theologischer Gesch\u00e4ftsf\u00fchrer Theologiestudierende am Institut f\u00fcr Praktische Theologie der Universit\u00e4t T\u00fcbingen. Ab September 1990 war er Pfarrer an der Christuskirche in Korntal. Von 1995 an verantwortete er im Evangelischen Oberkirchenrat als Dezernent die Ausbildung des theologischen Nachwuchses.<\/p>\n<p>Seinen 75. Geburtstag feiert Hans-Dieter Wille Corona-konform im Kreis seiner Familie.<\/p>\n<p>Oliver Hoesch\u00a0\u00a0\u00a0\u00a0\u00a0\u00a0\u00a0\u00a0\u00a0\u00a0\u00a0\u00a0\u00a0\u00a0\u00a0\u00a0\u00a0\u00a0\u00a0\u00a0\u00a0\u00a0\u00a0\u00a0\u00a0\u00a0\u00a0\u00a0\u00a0\u00a0\u00a0\u00a0\u00a0\u00a0\u00a0\u00a0\u00a0\u00a0\u00a0\u00a0\u00a0\u00a0\u00a0\u00a0\u00a0\u00a0\u00a0\u00a0\u00a0<\/p>\n<p>Sprecher der Landeskirche\u00a0<\/p>\n<p>Ein Foto von Hans-Dieter Wille finden Sie im Pressebereich.<\/p>\n<\/div>\n","protected":false},"excerpt":{"rendered":"<p>Pr\u00e4lat im Ruhestand Hans-Dieter Wille feiert 75. Geburtstag Der Heilbronner Pr\u00e4lat im Ruhestand Hans-Dieter Wille wird am Samstag, 5. Juni,<\/p>\n","protected":false},"author":1,"featured_media":0,"comment_status":"closed","ping_status":"closed","sticky":false,"template":"","format":"standard","meta":{"footnotes":""},"categories":[21],"tags":[],"_links":{"self":[{"href":"https:\/\/krankenhauspfarramt.de\/index.php\/wp-json\/wp\/v2\/posts\/3296"}],"collection":[{"href":"https:\/\/krankenhauspfarramt.de\/index.php\/wp-json\/wp\/v2\/posts"}],"about":[{"href":"https:\/\/krankenhauspfarramt.de\/index.php\/wp-json\/wp\/v2\/types\/post"}],"author":[{"embeddable":true,"href":"https:\/\/krankenhauspfarramt.de\/index.php\/wp-json\/wp\/v2\/users\/1"}],"replies":[{"embeddable":true,"href":"https:\/\/krankenhauspfarramt.de\/index.php\/wp-json\/wp\/v2\/comments?post=3296"}],"version-history":[{"count":0,"href":"https:\/\/krankenhauspfarramt.de\/index.php\/wp-json\/wp\/v2\/posts\/3296\/revisions"}],"wp:attachment":[{"href":"https:\/\/krankenhauspfarramt.de\/index.php\/wp-json\/wp\/v2\/media?parent=3296"}],"wp:term":[{"taxonomy":"category","embeddable":true,"href":"https:\/\/krankenhauspfarramt.de\/index.php\/wp-json\/wp\/v2\/categories?post=3296"},{"taxonomy":"post_tag","embeddable":true,"href":"https:\/\/krankenhauspfarramt.de\/index.php\/wp-json\/wp\/v2\/tags?post=3296"}],"curies":[{"name":"wp","href":"https:\/\/api.w.org\/{rel}","templated":true}]}}