{"id":3314,"date":"2021-06-21T11:03:24","date_gmt":"2021-06-21T11:03:24","guid":{"rendered":"https:\/\/krankenhauspfarramt.de\/index.php\/2021\/06\/21\/anne-burghardt-wird-generalsekretaerin-ekd\/"},"modified":"2021-06-21T11:03:30","modified_gmt":"2021-06-21T11:03:30","slug":"anne-burghardt-wird-generalsekretaerin-ekd","status":"publish","type":"post","link":"https:\/\/krankenhauspfarramt.de\/index.php\/2021\/06\/21\/anne-burghardt-wird-generalsekretaerin-ekd\/","title":{"rendered":"Anne Burghardt wird Generalsekret\u00e4rin \u2013 EKD"},"content":{"rendered":"<p> <br \/>\n<\/p>\n<div>\n<p>Der Leitende Bischof der Vereinigten Evangelisch-Lutherische Kirche Deutschlands (VELKD), Landesbischof Ralf Meister, hob hervor, dass Burghardt eine \u201eausgewiesene Expertin in Theologie und \u00d6kumene mit seelsorgerlichem Gesp\u00fcr und breiter Erfahrung in kirchlichen Leitungs\u00e4mtern\u201c sei.<\/p>\n<p>Mir Burghardt werde erstmals eine Pers\u00f6nlichkeit aus der Region Mittel- und Osteuropa Generalsekret\u00e4rin der Gemeinschaft von 148 Kirchen mit 77 Millionen Gl\u00e4ubigen, erkl\u00e4rte der LWB. Die Pfarrerin ist derzeit Leiterin der Abteilung f\u00fcr Entwicklung am Theologischen Institut der Estnischen Evangelisch-Lutherischen Kirche und Beraterin der Kirche f\u00fcr internationale und \u00f6kumenische Beziehungen.<\/p>\n<p>Sie war den Angaben zufolge f\u00fcr die inhaltliche Koordinierung der Zw\u00f6lften LWB-Vollversammlung 2017 in Windhuk in Namibia zust\u00e4ndig. Burghardt studierte an der Universit\u00e4t Tartu in Estland, an der Friedrich-Alexander-Universit\u00e4t Erlangen-N\u00fcrnberg und an der Humboldt-Universit\u00e4t zu Berlin Theologie.<\/p>\n<p>Sie erwarb laut LWB einen Masterabschluss in Theologie und ist im Begriff, ihr Promotionsstudium im Bereich orthodoxe Liturgiewissenschaft abzuschlie\u00dfen. Ihr Ehemann Arnd Matthias Burghardt ist ebenfalls ordinierter Pfarrer der Estnischen Evangelisch-Lutherischen Kirche. Das Paar hat zwei Kinder.<\/p>\n<p>Der LWB ist eine weltweite Kirchengemeinschaft von 148 Kirchen lutherischer Tradition, die nach eigenen Angaben rund 77 Millionen Christinnen und Christen in 99 L\u00e4ndern vertritt.<\/p>\n<\/p><\/div>\n","protected":false},"excerpt":{"rendered":"<p>Der Leitende Bischof der Vereinigten Evangelisch-Lutherische Kirche Deutschlands (VELKD), Landesbischof Ralf Meister, hob hervor, dass Burghardt eine \u201eausgewiesene Expertin in<\/p>\n","protected":false},"author":1,"featured_media":3315,"comment_status":"closed","ping_status":"closed","sticky":false,"template":"","format":"standard","meta":{"footnotes":""},"categories":[20],"tags":[],"_links":{"self":[{"href":"https:\/\/krankenhauspfarramt.de\/index.php\/wp-json\/wp\/v2\/posts\/3314"}],"collection":[{"href":"https:\/\/krankenhauspfarramt.de\/index.php\/wp-json\/wp\/v2\/posts"}],"about":[{"href":"https:\/\/krankenhauspfarramt.de\/index.php\/wp-json\/wp\/v2\/types\/post"}],"author":[{"embeddable":true,"href":"https:\/\/krankenhauspfarramt.de\/index.php\/wp-json\/wp\/v2\/users\/1"}],"replies":[{"embeddable":true,"href":"https:\/\/krankenhauspfarramt.de\/index.php\/wp-json\/wp\/v2\/comments?post=3314"}],"version-history":[{"count":1,"href":"https:\/\/krankenhauspfarramt.de\/index.php\/wp-json\/wp\/v2\/posts\/3314\/revisions"}],"predecessor-version":[{"id":3316,"href":"https:\/\/krankenhauspfarramt.de\/index.php\/wp-json\/wp\/v2\/posts\/3314\/revisions\/3316"}],"wp:featuredmedia":[{"embeddable":true,"href":"https:\/\/krankenhauspfarramt.de\/index.php\/wp-json\/wp\/v2\/media\/3315"}],"wp:attachment":[{"href":"https:\/\/krankenhauspfarramt.de\/index.php\/wp-json\/wp\/v2\/media?parent=3314"}],"wp:term":[{"taxonomy":"category","embeddable":true,"href":"https:\/\/krankenhauspfarramt.de\/index.php\/wp-json\/wp\/v2\/categories?post=3314"},{"taxonomy":"post_tag","embeddable":true,"href":"https:\/\/krankenhauspfarramt.de\/index.php\/wp-json\/wp\/v2\/tags?post=3314"}],"curies":[{"name":"wp","href":"https:\/\/api.w.org\/{rel}","templated":true}]}}