{"id":3319,"date":"2021-06-21T16:02:11","date_gmt":"2021-06-21T16:02:11","guid":{"rendered":"https:\/\/krankenhauspfarramt.de\/index.php\/2021\/06\/21\/wir-sind-nicht-ohnmaechtig-ekd\/"},"modified":"2021-06-21T16:02:14","modified_gmt":"2021-06-21T16:02:14","slug":"wir-sind-nicht-ohnmaechtig-ekd","status":"publish","type":"post","link":"https:\/\/krankenhauspfarramt.de\/index.php\/2021\/06\/21\/wir-sind-nicht-ohnmaechtig-ekd\/","title":{"rendered":"\u201eWir sind nicht ohnm\u00e4chtig\u201c \u2013 EKD"},"content":{"rendered":"<p> <br \/>\n<\/p>\n<div id=\"\">\n<div class=\"article--meta article--meta__border clearfix\">\n<p>                                    <time datetime=\"18.06.2021 12:00\" class=\"article--time\">18.06.2021<\/time><strong class=\"article--type primus--overline\">Pressemitteilung<\/strong><\/p>\n<picture class=\"article--source-image image\"><source srcset=\"https:\/\/ekd.de\/ekd_de\/ds_img\/assets\/20170622_ekd-Quellenlogo_141_rdax_423x118.png\"><!--<source srcset=\"\/ekd_de\/ds_img\/assets\/20170622_ekd-Quellenlogo_141_rdax_141x39.png 1x, \/ekd_de\/ds_img\/assets\/20170622_ekd-Quellenlogo_141_rdax_282x78.png 2x, https:\/\/ekd.de\/ekd_de\/ds_img\/assets\/20170622_ekd-Quellenlogo_141_rdax_423x118.png 3x\">--><\/source><\/picture>\n<\/p><\/div>\n<h2 class=\"article--sub-headline primus--sub-headline\">EKD-Ratsvorsitzender ruft zum internationalen Gedenktag zu Solidarit\u00e4t mit Gefl\u00fcchteten auf<\/h2>\n<\/p><\/div>\n<div id=\"\">\n<p>Zum diesj\u00e4hrigen Weltfl\u00fcchtlingstag am 20. Juni hat der Ratsvorsitzende der Evangelischen Kirche in Deutschland (EKD), Landesbischof Heinrich Bedford-Strohm, dazu aufgerufen, f\u00fcr die W\u00fcrde und Rechte von Gefl\u00fcchteten einzutreten:<\/p>\n<p>\u201eMehr als 82 Millionen Menschen sind weltweit vertrieben oder auf der Flucht. Die meisten Gefl\u00fcchteten finden Aufnahme in Nachbarl\u00e4ndern, denen selbst das N\u00f6tigste fehlt. Durch die Corona-Pandemie hat sich die Lage von Menschen auf der Flucht noch versch\u00e4rft. Der Weltfl\u00fcchtlingstag erinnert uns an ihr Schicksal &#8211; und in diesem Jahr auch an 70 Jahre Genfer Fl\u00fcchtlingskonvention\u201c, so Bedford-Strohm. Die Konvention sei das wichtigste internationale Dokument f\u00fcr den Fl\u00fcchtlingsschutz und bis heute unverzichtbar. \u201eDie W\u00fcrde und die Rechte von Menschen auf der Flucht sind unverhandelbar \u2012 gerade in der Europ\u00e4ischen Union und an ihren Grenzen\u201c, erinnerte Bedford-Strohm. Er rief dazu auf, f\u00fcr Gefl\u00fcchtete aktiv einzutreten: \u201eSo gro\u00df die Not weltweit auch ist, wir sind nicht ohnm\u00e4chtig. Wir k\u00f6nnen helfen, indem wir f\u00fcr Menschen in Not beten und sie damit dem Vergessen entrei\u00dfen; indem wir f\u00fcr eine Politik eintreten, die Schutzbed\u00fcrftige aufnimmt und Fluchtursachen lindert; indem wir spenden an die Diakonie Katastrophenhilfe oder andere Organisationen; indem wir weiter an der Seite derjenigen bleiben, die unsere Solidarit\u00e4t und die Hilfe brauchen\u201c, so der EKD-Ratsvorsitzende.<\/p>\n<p>Die UN-Vollversammlung hat vor 20 Jahren den 20. Juni zum zentralen internationalen Gedenktag f\u00fcr Fl\u00fcchtlinge ausgerufen. Dieser Tag wird in vielen L\u00e4ndern von Aktivit\u00e4ten und Aktionen begleitet, um auf die besondere Situation und die Not von Millionen Menschen auf der Flucht aufmerksam zu machen.<\/p>\n<p>Der Weltfl\u00fcchtlingstag ist den Fl\u00fcchtlingen, Asylsuchenden, Binnenvertriebenen, Staatenlosen und R\u00fcckkehrerInnen auf der ganzen Welt gewidmet, um ihre Hoffnungen und Sehns\u00fcchte nach einem besseren Leben zu w\u00fcrdigen.<\/p>\n<p>Informationen zum kirchlichen Engagement f\u00fcr Gefl\u00fcchtete finden Sie unter www.ekd.de\/flucht<span style=\"text-decoration-line:underline; text-decoration-thickness:initial\">.<\/span><\/p>\n<p class=\"EKDAdressdaten\">Hannover, 18. Juni 2021<\/p>\n<p class=\"EKDAdressdaten\">Pressestelle der EKD<br \/>Carsten Splitt<\/p>\n<\/div>\n","protected":false},"excerpt":{"rendered":"<p>18.06.2021Pressemitteilung EKD-Ratsvorsitzender ruft zum internationalen Gedenktag zu Solidarit\u00e4t mit Gefl\u00fcchteten auf Zum diesj\u00e4hrigen Weltfl\u00fcchtlingstag am 20. Juni hat der Ratsvorsitzende<\/p>\n","protected":false},"author":1,"featured_media":1267,"comment_status":"closed","ping_status":"closed","sticky":false,"template":"","format":"standard","meta":{"footnotes":""},"categories":[20],"tags":[],"_links":{"self":[{"href":"https:\/\/krankenhauspfarramt.de\/index.php\/wp-json\/wp\/v2\/posts\/3319"}],"collection":[{"href":"https:\/\/krankenhauspfarramt.de\/index.php\/wp-json\/wp\/v2\/posts"}],"about":[{"href":"https:\/\/krankenhauspfarramt.de\/index.php\/wp-json\/wp\/v2\/types\/post"}],"author":[{"embeddable":true,"href":"https:\/\/krankenhauspfarramt.de\/index.php\/wp-json\/wp\/v2\/users\/1"}],"replies":[{"embeddable":true,"href":"https:\/\/krankenhauspfarramt.de\/index.php\/wp-json\/wp\/v2\/comments?post=3319"}],"version-history":[{"count":1,"href":"https:\/\/krankenhauspfarramt.de\/index.php\/wp-json\/wp\/v2\/posts\/3319\/revisions"}],"predecessor-version":[{"id":3320,"href":"https:\/\/krankenhauspfarramt.de\/index.php\/wp-json\/wp\/v2\/posts\/3319\/revisions\/3320"}],"wp:featuredmedia":[{"embeddable":true,"href":"https:\/\/krankenhauspfarramt.de\/index.php\/wp-json\/wp\/v2\/media\/1267"}],"wp:attachment":[{"href":"https:\/\/krankenhauspfarramt.de\/index.php\/wp-json\/wp\/v2\/media?parent=3319"}],"wp:term":[{"taxonomy":"category","embeddable":true,"href":"https:\/\/krankenhauspfarramt.de\/index.php\/wp-json\/wp\/v2\/categories?post=3319"},{"taxonomy":"post_tag","embeddable":true,"href":"https:\/\/krankenhauspfarramt.de\/index.php\/wp-json\/wp\/v2\/tags?post=3319"}],"curies":[{"name":"wp","href":"https:\/\/api.w.org\/{rel}","templated":true}]}}