{"id":3321,"date":"2021-06-21T20:03:09","date_gmt":"2021-06-21T20:03:09","guid":{"rendered":"https:\/\/krankenhauspfarramt.de\/index.php\/2021\/06\/21\/oekumenische-begegnungen-in-rom-ekd\/"},"modified":"2021-06-21T20:03:12","modified_gmt":"2021-06-21T20:03:12","slug":"oekumenische-begegnungen-in-rom-ekd","status":"publish","type":"post","link":"https:\/\/krankenhauspfarramt.de\/index.php\/2021\/06\/21\/oekumenische-begegnungen-in-rom-ekd\/","title":{"rendered":"\u00d6kumenische Begegnungen in Rom \u2013 EKD"},"content":{"rendered":"<p> <br \/>\n<\/p>\n<div id=\"\">\n<div class=\"article--meta article--meta__border clearfix\">\n<p>                                    <time datetime=\"16.06.2021 15:00\" class=\"article--time\">16.06.2021<\/time><strong class=\"article--type primus--overline\">Pressemitteilung<\/strong><\/p>\n<picture class=\"article--source-image image\"><source srcset=\"https:\/\/ekd.de\/ekd_de\/ds_img\/assets\/velkd.jpg\"><!--<source srcset=\"\/ekd_de\/ds_img\/assets\/velkd_rdax_141x141.jpg 1x, \/ekd_de\/ds_img\/assets\/velkd_rdax_282x282.jpg 2x, https:\/\/ekd.de\/ekd_de\/ds_img\/assets\/velkd.jpg 3x\">--><\/source><\/picture>\n<\/p><\/div>\n<h2 class=\"article--sub-headline primus--sub-headline\">Delegation der VELKD und des Deutschen Nationalkomitees des Lutherischen Weltbundes unter anderem zu Gespr\u00e4chen mit dem P\u00e4pstlichen Einheitsrat im Vatikan<\/h2>\n<\/p><\/div>\n<div id=\"\">\n<p>Eine Delegation des Deutschen Nationalkomitees des Lutherischen Weltbundes (DNK\/LWB) und der Vereinigten Evangelisch-Lutherischen Kirche Deutschlands (VELKD) reist vom 23. bis 27. Juni 2021 nach Rom. Mitglieder der Delegation sind Landesbischof Dr. h. c. Frank-Otfried July (Vorsitzender des DNK\/LWB, Stuttgart), Landesbischof Ralf Meister (Leitender Bischof der VELKD, Hannover) und Landesbischof Dr. Karl-Hinrich Manzke (Catholica-Beauftragter der VELKD, B\u00fcckeburg).<\/p>\n<p>Am Donnerstag, 24.\u00a0Juni 2021, treffen die Bisch\u00f6fe mit Kurt Kardinal Koch, dem Pr\u00e4sidenten des P\u00e4pstlichen Rates zur F\u00f6rderung der Einheit der Christen, f\u00fcr ein Gespr\u00e4ch zusammen. Im weiteren Verlauf der Reise sind unter anderem Begegnungen mit Vertreterinnen und Vertretern der Gemeinschaft Sant\u2019Egidio, der Fokularbewegung, der Evangelisch-Lutherischen Kirche in Italien und mit dem Gesandten der Deutschen Botschaft beim Heiligen Stuhl geplant. Die Begegnungsreise endet mit einem Gottesdienst in der Evangelisch-Lutherischen Christuskirche am Sonntag, 27.\u00a0Juni 2021. Die Abendmahlsfeier leitet Landesbischof Ralf Meister, die Predigt h\u00e4lt Kardinal Koch.<\/p>\n<p>\u201eMit der Begegnungsreise nach Rom setzen wir eine lange Reihe vertrauensvoller, offener \u00f6kumenischer Gespr\u00e4che fort und kn\u00fcpfen an vorherige Begegnungen an. Solche Gespr\u00e4che sind gerade in jetzigen Zeiten \u2013 auch in der speziellen deutschen Situation \u2013 besonders notwendig. Aus den evangelisch-lutherischen Kirchen in Deutschland und weltweit zu berichten und von unseren katholischen Geschwistern zu h\u00f6ren, tr\u00e4gt zu gegenseitigem Verst\u00e4ndnis und zu vertieften \u00f6kumenischen Beziehungen bei\u201c, sagt Landesbischof Dr. h. c. July. \u201eDie Herausforderungen, vor denen die Kirchen stehen, sind gro\u00df\u00a0\u2013\u00a0gesellschaftlich ebenso wie \u00f6kumenisch\u201c,\u00a0erg\u00e4nzt Landesbischof Dr. Manzke. \u201eEs ist uns ein Anliegen, auch in dieser Situation die gewachsene Gespr\u00e4chstradition zu pflegen und das bew\u00e4hrte Vertrauen zu st\u00e4rken.\u201c Gespr\u00e4chsthemen f\u00fcr die Begegnung mit Kardinal Koch seien unter anderem die Einsch\u00e4tzung des Einheitsrates zum Stand und den Herausforderungen des internationalen Dialogs und die M\u00f6glichkeiten des gemeinsamen \u00f6ffentlichen Wirkens. Au\u00dferdem werden die Studie des \u00d6kumenischen Arbeitskreises \u201eGemeinsam am Tisch des Herrn\u201c, zu der die Bischofskonferenz der VELKD eine Stellungnahme abgegeben hat, und der Blick auf die Exkommunikation Luthers 1521 und ihre Bedeutung f\u00fcr die \u00f6kumenische Situation heute, zu denen der Vatikan und der Lutherische Weltbund (LWB) ein gemeinsames Wort angek\u00fcndigt haben, auf der Agenda stehen.<\/p>\n<p>F\u00fcr das DNK\/LWB und die Vereinigte Evangelisch-Lutherische Kirche Deutschlands (VELKD) hat die Catholica-Arbeit einen hohen Stellenwert. Dabei liegt der Schwerpunkt des DNK\/LWB durch die Einbindung in den LWB im Bereich der internationalen \u00d6kumene; die VELKD konzentriert sich auf die nationalen Dialoge. Die gemeinsame Delegationsreise ist Ausdruck der engen Zusammenarbeit von VELKD und DNK\/LWB.<\/p>\n<p><strong>Das Programm im Einzelnen (\u00c4nderungen vorbehalten)<\/strong><\/p>\n<ul>\n<li class=\"VELKDAufzhlung\" style=\"margin: 0cm;\"><span style=\"line-height:14pt\"><strong>Donnerstag, 24.\u00a0Juni\u00a02021:<\/strong> Gespr\u00e4ch mit Luis Kardinal Ladaria; Gespr\u00e4ch mit Kurt Kardinal Koch; Begegnung mit Projekten von Sant\u2019Egidio; Abendgebet in der Basilica di Santa Maria in Trastevere,<\/span><\/li>\n<li class=\"VELKDAufzhlung\" style=\"margin: 0cm;\" value=\"14\"><span style=\"line-height:14pt\"><strong>Freitag, 25.\u00a0Juni\u00a02021:<\/strong> Begegnung mit Vizedekanin Kirsten Thiele und Pfarrer Dr.\u00a0Michael Jonas, Evangelisch-Lutherische Kirche in Italien; Besuch des Vortrags von LWB-Generalsekret\u00e4r Dr. h. c. Martin Junge \u201eSynodality and Christian Unity: A Lutheran Perspective\u201d im Rahmen einer Vortragsreihe des Angelicums; Begegnung mit Karsten Diethelm Geier, Gesandter der deutschen Botschaft beim Heiligen Stuhl,<\/span><\/li>\n<li class=\"VELKDAufzhlung\" style=\"margin: 0cm;\" value=\"14\"><span style=\"line-height:14pt\"><strong>Samstag, 26.\u00a0Juni\u00a02021:<\/strong> Begegnung mit der Pr\u00e4sidentin Margaret Karram und weiteren Vertreterinnen und Vertretern der Fokularbewegung in Rocca di Papa und Castel Gandolfo; F\u00fchrung im Campo Santo Teutonico und Begegnung mit dem Rektor, Pr\u00e4lat Hans-Peter Fischer,<\/span><\/li>\n<li class=\"VELKDAufzhlung\" style=\"margin: 0cm;\" value=\"14\"><span style=\"line-height:14pt\"><strong>Sonntag,\u00a027.\u00a0Juni\u00a02021:<\/strong> Gottesdienst in der Evangelisch-Lutherischen Christuskirche. Leitung des Abendmahls: Landesbischof Ralf Meister, Predigt: Kardinal Koch. <\/span><\/li>\n<\/ul>\n<p class=\"Default\"><em><span style=\"letter-spacing:.2pt\">Hinweis: Medienkontakt vor Ort: Henrike M\u00fcller, +49 (0)151 461 01 520; mueller@velkd.de<\/span><\/em><em> <\/em><\/p>\n<p class=\"VELKDFlietext\"><span style=\"line-height:14pt\">Hannover, 16. Juni 2021<\/span><\/p>\n<p class=\"VELKDFlietext\"><span style=\"line-height:14pt\">Pressestelle der VELKD \u00a0\u00a0\u00a0\u00a0\u00a0\u00a0\u00a0\u00a0\u00a0\u00a0\u00a0\u00a0\u00a0\u00a0\u00a0\u00a0\u00a0\u00a0\u00a0\u00a0\u00a0\u00a0\u00a0\u00a0\u00a0\u00a0\u00a0\u00a0\u00a0\u00a0 Pressestelle des DNK\/LWB<\/span><br \/><span style=\"line-height:14pt\">Henrike M\u00fcller\u00a0\u00a0\u00a0\u00a0\u00a0\u00a0\u00a0\u00a0\u00a0\u00a0\u00a0\u00a0\u00a0\u00a0\u00a0\u00a0\u00a0\u00a0\u00a0\u00a0\u00a0\u00a0\u00a0\u00a0\u00a0\u00a0\u00a0\u00a0\u00a0\u00a0\u00a0\u00a0\u00a0\u00a0\u00a0\u00a0\u00a0\u00a0\u00a0\u00a0\u00a0\u00a0\u00a0\u00a0\u00a0\u00a0\u00a0\u00a0Saskia Kredig<\/span><\/p>\n<\/div>\n","protected":false},"excerpt":{"rendered":"<p>16.06.2021Pressemitteilung Delegation der VELKD und des Deutschen Nationalkomitees des Lutherischen Weltbundes unter anderem zu Gespr\u00e4chen mit dem P\u00e4pstlichen Einheitsrat im<\/p>\n","protected":false},"author":1,"featured_media":611,"comment_status":"closed","ping_status":"closed","sticky":false,"template":"","format":"standard","meta":{"footnotes":""},"categories":[20],"tags":[],"_links":{"self":[{"href":"https:\/\/krankenhauspfarramt.de\/index.php\/wp-json\/wp\/v2\/posts\/3321"}],"collection":[{"href":"https:\/\/krankenhauspfarramt.de\/index.php\/wp-json\/wp\/v2\/posts"}],"about":[{"href":"https:\/\/krankenhauspfarramt.de\/index.php\/wp-json\/wp\/v2\/types\/post"}],"author":[{"embeddable":true,"href":"https:\/\/krankenhauspfarramt.de\/index.php\/wp-json\/wp\/v2\/users\/1"}],"replies":[{"embeddable":true,"href":"https:\/\/krankenhauspfarramt.de\/index.php\/wp-json\/wp\/v2\/comments?post=3321"}],"version-history":[{"count":1,"href":"https:\/\/krankenhauspfarramt.de\/index.php\/wp-json\/wp\/v2\/posts\/3321\/revisions"}],"predecessor-version":[{"id":3322,"href":"https:\/\/krankenhauspfarramt.de\/index.php\/wp-json\/wp\/v2\/posts\/3321\/revisions\/3322"}],"wp:featuredmedia":[{"embeddable":true,"href":"https:\/\/krankenhauspfarramt.de\/index.php\/wp-json\/wp\/v2\/media\/611"}],"wp:attachment":[{"href":"https:\/\/krankenhauspfarramt.de\/index.php\/wp-json\/wp\/v2\/media?parent=3321"}],"wp:term":[{"taxonomy":"category","embeddable":true,"href":"https:\/\/krankenhauspfarramt.de\/index.php\/wp-json\/wp\/v2\/categories?post=3321"},{"taxonomy":"post_tag","embeddable":true,"href":"https:\/\/krankenhauspfarramt.de\/index.php\/wp-json\/wp\/v2\/tags?post=3321"}],"curies":[{"name":"wp","href":"https:\/\/api.w.org\/{rel}","templated":true}]}}