{"id":3323,"date":"2021-06-22T00:03:54","date_gmt":"2021-06-22T00:03:54","guid":{"rendered":"https:\/\/krankenhauspfarramt.de\/index.php\/2021\/06\/22\/orgel-des-monats-juni-2021-in-miesterhorst-ekd\/"},"modified":"2021-06-22T00:03:57","modified_gmt":"2021-06-22T00:03:57","slug":"orgel-des-monats-juni-2021-in-miesterhorst-ekd","status":"publish","type":"post","link":"https:\/\/krankenhauspfarramt.de\/index.php\/2021\/06\/22\/orgel-des-monats-juni-2021-in-miesterhorst-ekd\/","title":{"rendered":"\u201eOrgel des Monats Juni 2021\u201c in Miesterhorst \u2013 EKD"},"content":{"rendered":"<p> <br \/>\n<\/p>\n<div id=\"\">\n<div class=\"article--meta article--meta__border clearfix\">\n<p>                                    <time datetime=\"15.06.2021 10:00\" class=\"article--time\">15.06.2021<\/time><strong class=\"article--type primus--overline\">Pressemitteilung<\/strong><\/p>\n<\/p><\/div>\n<h2 class=\"article--sub-headline primus--sub-headline\">\u201eDie Sanierung war keine Frage!\u201c<\/h2>\n<\/p><\/div>\n<div id=\"\">\n<p>Die \u201eOrgel des Monats Juni 2021\u201c der Stiftung Orgelklang befindet sich in der evangelischen Kirche im altm\u00e4rkischen Miesterhorst (Sachsen-Anhalt). Die von der Evangelischen Kirche in Deutschland (EKD) gegr\u00fcndete Stiftung f\u00f6rdert die anstehende Sanierung des mehr als 100 Jahre alten Instruments aus der Z\u00f6rbiger \u201eOrgelbau-Anstalt Wilhelm R\u00fchlmann\u201c mit 4.000 Euro.<\/p>\n<p>Im Jahr 1908 entstand die Miesterhorster Orgel als Opus 302 in der R\u00fchlmann-Werkstatt. Sie stammt damit aus der produktivsten Phase des 1842 von Friedrich Wilhelm R\u00fchlmann gegr\u00fcndeten Unternehmens. Tats\u00e4chlich schuf der Firmengr\u00fcnder selbst nur sechs Orgeln, trotzdem brachte er das Handwerk seinen beiden S\u00f6hnen bei. Diese absolvierten ihre Meisterausbildung in der damals bekanntesten Orgelmanufaktur Mitteldeutschlands von Friedrich Ladegast und f\u00fchrten das Familienunternehmen &#8211; mit mehr Erfolg als der Vater &#8211; weiter.<\/p>\n<p>Das Instrument auf der Empore der Kirche in Miesterhorst ist inzwischen stark verschmutzt, \u201eund weil die Decke aufliegt und teilweise Putz herunterrieselt, sind einige Pfeifen auch besch\u00e4digt\u201c, sagt Pfarrer Hagen Mewes. Ein Problem dabei: Das Instrument ist nicht komplett begehbar. Die Pfeifen in den hinteren Reihen k\u00f6nnen erst dann begutachtet und saniert werden, wenn die davor befindlichen abgebaut sind. \u201eM\u00f6glicherweise ist drinnen noch mehr zu tun als man jetzt sieht\u201c, bef\u00fcrchtet Mewes.<\/p>\n<p>Rund 42.000 Euro sind f\u00fcr die Instandsetzung des Instruments veranschlagt. \u201eDass die Orgel saniert wird, war in der Gemeinde trotzdem keine Frage\u201c, so der Pfarrer. Er hofft, dass die Instandsetzung zum Ende des n\u00e4chsten Jahres beendet sein wird.<\/p>\n<p><em>Die Stiftung Orgelklang der Evangelischen Kirche in Deutschland (EKD) pr\u00e4sentiert in jedem Monat eine \u201eOrgel des Monats\u201c. In diesem Jahr f\u00f6rdert sie 15 Projekte in einem Gesamtumfang von 55.000 Euro (bzw. 110.000 Euro inkl. Projektspenden). Seit 2010 hat sie 236 F\u00f6rderzusagen \u00fcber mehr als 1,4 Millionen Euro gegeben (bzw. mehr als 1,9 Millionen Euro inkl. Projektspenden). Weitere Informationen finden Sie im Internet unter <\/em><em>www.stiftung-orgelklang.de<\/em><em>.<\/em><\/p>\n<p class=\"EKDAdressdaten\">Hannover, 15. Juni 2021<\/p>\n<p class=\"EKDAdressdaten\">Pressestelle der EKD<\/p>\n<\/div>\n","protected":false},"excerpt":{"rendered":"<p>15.06.2021Pressemitteilung \u201eDie Sanierung war keine Frage!\u201c Die \u201eOrgel des Monats Juni 2021\u201c der Stiftung Orgelklang befindet sich in der evangelischen<\/p>\n","protected":false},"author":1,"featured_media":3324,"comment_status":"closed","ping_status":"closed","sticky":false,"template":"","format":"standard","meta":{"footnotes":""},"categories":[20],"tags":[],"_links":{"self":[{"href":"https:\/\/krankenhauspfarramt.de\/index.php\/wp-json\/wp\/v2\/posts\/3323"}],"collection":[{"href":"https:\/\/krankenhauspfarramt.de\/index.php\/wp-json\/wp\/v2\/posts"}],"about":[{"href":"https:\/\/krankenhauspfarramt.de\/index.php\/wp-json\/wp\/v2\/types\/post"}],"author":[{"embeddable":true,"href":"https:\/\/krankenhauspfarramt.de\/index.php\/wp-json\/wp\/v2\/users\/1"}],"replies":[{"embeddable":true,"href":"https:\/\/krankenhauspfarramt.de\/index.php\/wp-json\/wp\/v2\/comments?post=3323"}],"version-history":[{"count":1,"href":"https:\/\/krankenhauspfarramt.de\/index.php\/wp-json\/wp\/v2\/posts\/3323\/revisions"}],"predecessor-version":[{"id":3325,"href":"https:\/\/krankenhauspfarramt.de\/index.php\/wp-json\/wp\/v2\/posts\/3323\/revisions\/3325"}],"wp:featuredmedia":[{"embeddable":true,"href":"https:\/\/krankenhauspfarramt.de\/index.php\/wp-json\/wp\/v2\/media\/3324"}],"wp:attachment":[{"href":"https:\/\/krankenhauspfarramt.de\/index.php\/wp-json\/wp\/v2\/media?parent=3323"}],"wp:term":[{"taxonomy":"category","embeddable":true,"href":"https:\/\/krankenhauspfarramt.de\/index.php\/wp-json\/wp\/v2\/categories?post=3323"},{"taxonomy":"post_tag","embeddable":true,"href":"https:\/\/krankenhauspfarramt.de\/index.php\/wp-json\/wp\/v2\/tags?post=3323"}],"curies":[{"name":"wp","href":"https:\/\/api.w.org\/{rel}","templated":true}]}}