{"id":3370,"date":"2021-07-01T09:42:24","date_gmt":"2021-07-01T09:42:24","guid":{"rendered":"https:\/\/krankenhauspfarramt.de\/index.php\/2021\/07\/01\/kirche-des-monats-juli-2021-ekd\/"},"modified":"2021-07-01T09:42:24","modified_gmt":"2021-07-01T09:42:24","slug":"kirche-des-monats-juli-2021-ekd","status":"publish","type":"post","link":"https:\/\/krankenhauspfarramt.de\/index.php\/2021\/07\/01\/kirche-des-monats-juli-2021-ekd\/","title":{"rendered":"\u201eKirche des Monats Juli 2021\u201c \u2013 EKD"},"content":{"rendered":"<p> <br \/>\n<\/p>\n<div id=\"\">\n<div class=\"article--meta article--meta__border clearfix\">\n<p>                                    <time datetime=\"01.07.2021 10:00\" class=\"article--time\">01.07.2021<\/time><strong class=\"article--type primus--overline\">Pressemitteilung<\/strong><\/p>\n<picture class=\"article--source-image image\"><source srcset=\"https:\/\/ekd.de\/ekd_de\/ds_img\/assets\/20170622_ekd-Quellenlogo_141_rdax_423x118.png\"><!--<source srcset=\"\/ekd_de\/ds_img\/assets\/20170622_ekd-Quellenlogo_141_rdax_141x39.png 1x, \/ekd_de\/ds_img\/assets\/20170622_ekd-Quellenlogo_141_rdax_282x78.png 2x, https:\/\/ekd.de\/ekd_de\/ds_img\/assets\/20170622_ekd-Quellenlogo_141_rdax_423x118.png 3x\">--><img decoding=\"async\" src=\"https:\/\/ekd.de\/ekd_de\/ds_img\/assets\/20170622_ekd-Quellenlogo_141_rdax_141x39.png\" alt=\"EKD Logo\" title=\"EKD Logo\"\/><\/source><\/picture>\n<\/p><\/div>\n<h2 class=\"article--sub-headline primus--sub-headline\">Ein Hauch von Rom in Aurich<\/h2>\n<\/p><\/div>\n<div id=\"\">\n<p>Die Kirche der Evangelisch-reformierten Gemeinde im nieders\u00e4chsischen Aurich ist die \u201eKirche des Monats Juli 2021\u201c der Stiftung zur Bewahrung kirchliche Baudenkm\u00e4ler in Deutschland (Stiftung KiBa). Der klassizistische Bau, der dem Pantheon in Rom nachempfunden ist, muss absehbar saniert werden; die von der Evangelischen Kirche in Deutschland (EKD) gegr\u00fcndete Stiftung f\u00f6rdert die Instandsetzung mit 15.000 Euro.<\/p>\n<p>Mit vier wuchtigen dorischen S\u00e4ulen am Vorbau ragt das Geb\u00e4ude aus der H\u00e4userzeile im Zentrum Aurichs heraus. Als Rundbau konzipiert, ist es der einzige klassizistische Zentralbau in der Weser-Ems-Region mit einer von acht korinthischen S\u00e4ulen getragenen Kuppel. Geschaffen hat die Kirche der Architekt Conrad Bernhard Meyer in den Jahren von 1812 bis 1814. Initialz\u00fcndung f\u00fcr das erste eigene Gotteshaus der Evangelisch-reformierten Gemeinde war eine Spende von Napoleon Bonaparte. Bei seiner Fertigstellung hatte das Werk mehr als das F\u00fcnfzehnfache der napoleonischen Spende verschlungen und fast den finanziellen Ruin der Gemeinde bedeutet.<\/p>\n<p>Saniert werden muss insbesondere das Dach, durch das es in den vergangenen Monaten hineingeregnet hat, wie Pastor J\u00f6rg Schmid berichtet. \u201eAber auch eine Entw\u00e4sserung des Mauerwerks ist notwendig\u201c. Auch die Fugen in den W\u00e4nden werden begutachtet und erneuert.<\/p>\n<p>Rund 347.000 Euro hat die Gemeinde f\u00fcr die Renovierung eingeplant. Zwei Mal ist der so genannte freiwillige Gemeindebeitrag schon f\u00fcr die Sanierung verbucht worden, jeweils rund 6.000 Euro. Ansonsten helfen die Auricher handwerklich, wo sie k\u00f6nnen \u2013 und setzen auf das n\u00e4chste Gemeindefest. \u201eKuchenverkauf, Musik, M\u00e4rchenerz\u00e4hler: Pl\u00e4ne sind l\u00e4ngst gemacht\u201c, sagt J\u00f6rg Schmid. \u201eWir warten eigentlich nur noch darauf, dass Corona so ein Fest zul\u00e4sst\u201c.<\/p>\n<p><em>Die Stiftung zur Bewahrung kirchlicher Baudenkm\u00e4ler in Deutschland (Stiftung KiBa) ist eine Stiftung der EKD und der evangelischen Landeskirchen. Seit 1999 hat sie Zusagen f\u00fcr Sanierungsvorhaben in H\u00f6he von 33,9 Millionen Euro geben k\u00f6nnen. F\u00fcr dieses Jahr hat die KiBa F\u00f6rderzusagen \u00fcber rund 1,2 Millionen Euro vorgesehen. Mehr als 3.800 Mitglieder engagieren sich bundesweit im \u201eF\u00f6rderverein der Stiftung KiBa e. V.\u201c Weitere Informationen unter <\/em><em>www.stiftung-kiba.de<\/em><\/p>\n<p class=\"EKDFlietext\">Hannover, 1. Juli 2021<\/p>\n<p>Pressestelle der EKD<\/p>\n<\/div>\n","protected":false},"excerpt":{"rendered":"<p>01.07.2021Pressemitteilung Ein Hauch von Rom in Aurich Die Kirche der Evangelisch-reformierten Gemeinde im nieders\u00e4chsischen Aurich ist die \u201eKirche des Monats<\/p>\n","protected":false},"author":1,"featured_media":0,"comment_status":"closed","ping_status":"closed","sticky":false,"template":"","format":"standard","meta":{"footnotes":""},"categories":[20],"tags":[],"_links":{"self":[{"href":"https:\/\/krankenhauspfarramt.de\/index.php\/wp-json\/wp\/v2\/posts\/3370"}],"collection":[{"href":"https:\/\/krankenhauspfarramt.de\/index.php\/wp-json\/wp\/v2\/posts"}],"about":[{"href":"https:\/\/krankenhauspfarramt.de\/index.php\/wp-json\/wp\/v2\/types\/post"}],"author":[{"embeddable":true,"href":"https:\/\/krankenhauspfarramt.de\/index.php\/wp-json\/wp\/v2\/users\/1"}],"replies":[{"embeddable":true,"href":"https:\/\/krankenhauspfarramt.de\/index.php\/wp-json\/wp\/v2\/comments?post=3370"}],"version-history":[{"count":0,"href":"https:\/\/krankenhauspfarramt.de\/index.php\/wp-json\/wp\/v2\/posts\/3370\/revisions"}],"wp:attachment":[{"href":"https:\/\/krankenhauspfarramt.de\/index.php\/wp-json\/wp\/v2\/media?parent=3370"}],"wp:term":[{"taxonomy":"category","embeddable":true,"href":"https:\/\/krankenhauspfarramt.de\/index.php\/wp-json\/wp\/v2\/categories?post=3370"},{"taxonomy":"post_tag","embeddable":true,"href":"https:\/\/krankenhauspfarramt.de\/index.php\/wp-json\/wp\/v2\/tags?post=3370"}],"curies":[{"name":"wp","href":"https:\/\/api.w.org\/{rel}","templated":true}]}}