{"id":3371,"date":"2021-07-01T13:42:46","date_gmt":"2021-07-01T13:42:46","guid":{"rendered":"https:\/\/krankenhauspfarramt.de\/index.php\/2021\/07\/01\/ekd-stellt-geschichten-des-gelingens-fuer-die-sozial-oekologische-transformation-vor-ekd\/"},"modified":"2021-07-01T13:42:49","modified_gmt":"2021-07-01T13:42:49","slug":"ekd-stellt-geschichten-des-gelingens-fuer-die-sozial-oekologische-transformation-vor-ekd","status":"publish","type":"post","link":"https:\/\/krankenhauspfarramt.de\/index.php\/2021\/07\/01\/ekd-stellt-geschichten-des-gelingens-fuer-die-sozial-oekologische-transformation-vor-ekd\/","title":{"rendered":"EKD stellt &#8222;Geschichten des Gelingens&#8220; f\u00fcr die sozial-\u00f6kologische Transformation vor \u2013 EKD"},"content":{"rendered":"<p> <br \/>\n<\/p>\n<div id=\"\">\n<p>Viele Grenzen der Belastbarkeit des Planeten sind \u00fcberschritten \u2013 mit schwerwiegenden Folgen f\u00fcr das Leben auf dieser Erde. Die besorgniserregenden Folgen des Klimawandels und Artensterbens zeigen, dass es dringend umzusteuern gilt. Vor diesem Hintergrund sieht sich die Evangelische Kirche in Deutschland (EKD) als \u201eMahnerin, Mittlerin und Motor\u201c f\u00fcr eine nachhaltige Entwicklung. In Sachen Nachhaltigkeit geht sie in einigen Bereichen bereits mit gutem Beispiel voran. Wie das gehen kann, wird in der j\u00fcngst erschienenen Publikation \u201eAuf dem Weg zur sozial-\u00f6kologischen Transformation\u201c gezeigt. In diesem Heft, das von dem Projektb\u00fcro f\u00fcr Klimaschutz und dem Referat Nachhaltigkeit der EKD herausgegeben wird, werden 32 \u201eGeschichten des Gelingens\u201c vorgestellt. Diese Projekte aus der kirchlichen und diakonischen Praxis sollen dazu ermutigen, aktiv f\u00fcr den sozial-\u00f6kologischen Wandel einzutreten und eigene \u201eGeschichten des Gelingens\u201c zu entwickeln.<\/p>\n<p>Die Geschichten orientieren sich an den 17 Zielen der Vereinten Nationen (UN) f\u00fcr nachhaltige Entwicklung, thematisieren also eine F\u00fclle von Themen wie Armutsbek\u00e4mpfung, nachhaltige Ern\u00e4hrung, Inklusion, Zugang zu Bildung, Zugang zu Gesundheitsversorgung, Geschlechtergerechtigkeit, \u00dcberwindung von Ungleichheiten, nachhaltiges Wirtschaften, nachhaltiger Konsum, Klimaschutz, nachhaltige Mobilit\u00e4t, Schutz der Biodiversit\u00e4t bis hin zu Gewaltfreiheit. Mit diesen \u201eGeschichten des Gelingens\u201c m\u00f6chte die EKD Anregungen geben und angesichts der Gr\u00f6\u00dfe der Herausforderung Mut machen, f\u00fcr den sozial-\u00f6kologischen Wandel einzutreten und zum \u201eMotor einer nachhaltigen Entwicklung\u201c zu werden.<\/p>\n<p>Kostenloser Download der Brosch\u00fcre unter www.ekd.de\/transformation<\/p>\n<p>Gedruckte Exemplare sind bestellbar bei: versand@ekd.de<\/p>\n<p>Hannover, 1. Juli 2021<\/p>\n<p>Pressestelle der EKD<\/p>\n<\/div>\n","protected":false},"excerpt":{"rendered":"<p>Viele Grenzen der Belastbarkeit des Planeten sind \u00fcberschritten \u2013 mit schwerwiegenden Folgen f\u00fcr das Leben auf dieser Erde. Die besorgniserregenden<\/p>\n","protected":false},"author":1,"featured_media":3372,"comment_status":"closed","ping_status":"closed","sticky":false,"template":"","format":"standard","meta":{"footnotes":""},"categories":[20],"tags":[],"_links":{"self":[{"href":"https:\/\/krankenhauspfarramt.de\/index.php\/wp-json\/wp\/v2\/posts\/3371"}],"collection":[{"href":"https:\/\/krankenhauspfarramt.de\/index.php\/wp-json\/wp\/v2\/posts"}],"about":[{"href":"https:\/\/krankenhauspfarramt.de\/index.php\/wp-json\/wp\/v2\/types\/post"}],"author":[{"embeddable":true,"href":"https:\/\/krankenhauspfarramt.de\/index.php\/wp-json\/wp\/v2\/users\/1"}],"replies":[{"embeddable":true,"href":"https:\/\/krankenhauspfarramt.de\/index.php\/wp-json\/wp\/v2\/comments?post=3371"}],"version-history":[{"count":1,"href":"https:\/\/krankenhauspfarramt.de\/index.php\/wp-json\/wp\/v2\/posts\/3371\/revisions"}],"predecessor-version":[{"id":3373,"href":"https:\/\/krankenhauspfarramt.de\/index.php\/wp-json\/wp\/v2\/posts\/3371\/revisions\/3373"}],"wp:featuredmedia":[{"embeddable":true,"href":"https:\/\/krankenhauspfarramt.de\/index.php\/wp-json\/wp\/v2\/media\/3372"}],"wp:attachment":[{"href":"https:\/\/krankenhauspfarramt.de\/index.php\/wp-json\/wp\/v2\/media?parent=3371"}],"wp:term":[{"taxonomy":"category","embeddable":true,"href":"https:\/\/krankenhauspfarramt.de\/index.php\/wp-json\/wp\/v2\/categories?post=3371"},{"taxonomy":"post_tag","embeddable":true,"href":"https:\/\/krankenhauspfarramt.de\/index.php\/wp-json\/wp\/v2\/tags?post=3371"}],"curies":[{"name":"wp","href":"https:\/\/api.w.org\/{rel}","templated":true}]}}