{"id":3420,"date":"2021-07-22T03:56:14","date_gmt":"2021-07-22T03:56:14","guid":{"rendered":"https:\/\/krankenhauspfarramt.de\/index.php\/2021\/07\/22\/kirchen-haben-mega-gute-botschaft-ekd\/"},"modified":"2021-07-22T03:56:17","modified_gmt":"2021-07-22T03:56:17","slug":"kirchen-haben-mega-gute-botschaft-ekd","status":"publish","type":"post","link":"https:\/\/krankenhauspfarramt.de\/index.php\/2021\/07\/22\/kirchen-haben-mega-gute-botschaft-ekd\/","title":{"rendered":"Kirchen haben &#8222;mega gute Botschaft&#8220; \u2013 EKD"},"content":{"rendered":"<p> <br \/>\n<\/p>\n<div>\n<p>\u201eWir werden kleiner werden. Wir werden die Trends, die sich ja jetzt auch in den Mitgliederzahlen abbilden, nicht umkehren k\u00f6nnen. Das zumindest setze ich jetzt mal voraus\u201c, r\u00e4umte Heinrich ein, die Anfang Mai zur Pr\u00e4ses der EKD-Synode gew\u00e4hlt worden war. Als Antwort m\u00fcsse es die Kirche schaffen, in Zukunft \u201emehr R\u00e4ume zu er\u00f6ffnen\u201c, wo Menschen sich ber\u00fchrt f\u00fchlen, getragen oder unterst\u00fctzt werden.<\/p>\n<p>Zur Zusammenarbeit der Kirchen sagte Heinrich: \u201eIch bin mir sicher, \u00d6kumene ist ein riesiges Thema f\u00fcr die n\u00e4chsten Jahre &#8211; gerade auch die \u00d6kumene evangelisch-katholisch hier in Deutschland.\u201c Sie hoffe, dass ihre Generation, \u201ef\u00fcr die die Konfessionsgrenzen kaum mehr eine Rolle spielen\u201c, auch Schwung in die \u00d6kumene bringt.<\/p>\n<\/p><\/div>\n","protected":false},"excerpt":{"rendered":"<p>\u201eWir werden kleiner werden. Wir werden die Trends, die sich ja jetzt auch in den Mitgliederzahlen abbilden, nicht umkehren k\u00f6nnen.<\/p>\n","protected":false},"author":1,"featured_media":3421,"comment_status":"closed","ping_status":"closed","sticky":false,"template":"","format":"standard","meta":{"footnotes":""},"categories":[20],"tags":[],"_links":{"self":[{"href":"https:\/\/krankenhauspfarramt.de\/index.php\/wp-json\/wp\/v2\/posts\/3420"}],"collection":[{"href":"https:\/\/krankenhauspfarramt.de\/index.php\/wp-json\/wp\/v2\/posts"}],"about":[{"href":"https:\/\/krankenhauspfarramt.de\/index.php\/wp-json\/wp\/v2\/types\/post"}],"author":[{"embeddable":true,"href":"https:\/\/krankenhauspfarramt.de\/index.php\/wp-json\/wp\/v2\/users\/1"}],"replies":[{"embeddable":true,"href":"https:\/\/krankenhauspfarramt.de\/index.php\/wp-json\/wp\/v2\/comments?post=3420"}],"version-history":[{"count":1,"href":"https:\/\/krankenhauspfarramt.de\/index.php\/wp-json\/wp\/v2\/posts\/3420\/revisions"}],"predecessor-version":[{"id":3422,"href":"https:\/\/krankenhauspfarramt.de\/index.php\/wp-json\/wp\/v2\/posts\/3420\/revisions\/3422"}],"wp:featuredmedia":[{"embeddable":true,"href":"https:\/\/krankenhauspfarramt.de\/index.php\/wp-json\/wp\/v2\/media\/3421"}],"wp:attachment":[{"href":"https:\/\/krankenhauspfarramt.de\/index.php\/wp-json\/wp\/v2\/media?parent=3420"}],"wp:term":[{"taxonomy":"category","embeddable":true,"href":"https:\/\/krankenhauspfarramt.de\/index.php\/wp-json\/wp\/v2\/categories?post=3420"},{"taxonomy":"post_tag","embeddable":true,"href":"https:\/\/krankenhauspfarramt.de\/index.php\/wp-json\/wp\/v2\/tags?post=3420"}],"curies":[{"name":"wp","href":"https:\/\/api.w.org\/{rel}","templated":true}]}}