{"id":3426,"date":"2021-07-22T13:00:39","date_gmt":"2021-07-22T13:00:39","guid":{"rendered":"https:\/\/krankenhauspfarramt.de\/index.php\/2021\/07\/22\/andachten-und-glockengelaeut-fuer-die-flutopfer-ekd\/"},"modified":"2021-07-22T13:00:41","modified_gmt":"2021-07-22T13:00:41","slug":"andachten-und-glockengelaeut-fuer-die-flutopfer-ekd","status":"publish","type":"post","link":"https:\/\/krankenhauspfarramt.de\/index.php\/2021\/07\/22\/andachten-und-glockengelaeut-fuer-die-flutopfer-ekd\/","title":{"rendered":"Andachten und Glockengel\u00e4ut f\u00fcr die Flutopfer \u2013 EKD"},"content":{"rendered":"<p> <br \/>\n<\/p>\n<div id=\"\">\n<div class=\"article--meta article--meta__border clearfix\">\n<p>                                    <time datetime=\"22.07.2021 14:00\" class=\"article--time\">22.07.2021<\/time><strong class=\"article--type primus--overline\">Pressemitteilung<\/strong><\/p>\n<picture class=\"article--source-image image\"><source srcset=\"https:\/\/ekd.de\/ekd_de\/ds_img\/assets\/20170622_ekd-Quellenlogo_141_rdax_423x118.png\"><!--<source srcset=\"\/ekd_de\/ds_img\/assets\/20170622_ekd-Quellenlogo_141_rdax_141x39.png 1x, \/ekd_de\/ds_img\/assets\/20170622_ekd-Quellenlogo_141_rdax_282x78.png 2x, https:\/\/ekd.de\/ekd_de\/ds_img\/assets\/20170622_ekd-Quellenlogo_141_rdax_423x118.png 3x\">--><\/source><\/picture>\n<\/p><\/div>\n<h2 class=\"article--sub-headline primus--sub-headline\">Bedford-Strohm wirbt f\u00fcr Zeichen der Anteilnahme am Freitag um 18 Uhr. Solidarit\u00e4ts-Kollekte soll Gemeinden in Hochwassergebieten helfen<\/h2>\n<\/p><\/div>\n<div id=\"\">\n<p style=\"margin-bottom:8pt; margin-left:0cm; margin-right:0cm; margin-top:0cm\"><span style=\"line-height:107%\">Als Zeichen der Anteilnahme und Solidarit\u00e4t mit den Menschen in den von der Hochwasserkatastrophe betroffenen Regionen werden am morgigen Freitag, 23. Juli, bundesweit in vielen evangelischen Kirchen die Glocken l\u00e4uten und damit zu Andachten und Gebeten einladen. Ausgegangen war die Initiative von den vom Hochwasser am schlimmsten betroffenen Landeskirchen im Rheinland und Westfalen, mittlerweile haben sich zahlreiche weitere Kirchen angeschlossen. Der Ratsvorsitzende der Evangelischen Kirche in Deutschland (EKD), Landesbischof Heinrich Bedford-Strohm, warb in einem Schreiben an die Kirchenkonferenz daf\u00fcr, sich der Initiative anzuschlie\u00dfen: \u201eWir alle nehmen fassungslos und voller Anteilnahme die dramatischen Ereignisse der vergangenen Tage wahr und k\u00f6nnen das Ausma\u00df der Zerst\u00f6rung und des Leides, das die Unwetter der letzten Woche nach sich gezogen haben, noch gar nicht absch\u00e4tzen\u201c, so Bedford-Strohm. \u201eEs w\u00e4re ein starkes Zeichen der Solidarit\u00e4t, wenn viele Gemeinden EKD-weit zu solchen Andachten einladen.\u201c<\/span><\/p>\n<p style=\"margin-bottom:8pt; margin-left:0cm; margin-right:0cm; margin-top:0cm\"><span style=\"line-height:107%\">Finanzielle Unterst\u00fctzung hatten die evangelische Kirche und die Diakonie bereits gestern bereitgestellt. In einem ersten Schritt wurden Spendenmittel von vier Millionen Euro f\u00fcr die Betroffenen der Flutkatastrophe zur Verf\u00fcgung gestellt.<\/span><\/p>\n<p style=\"margin-bottom:8pt; margin-left:0cm; margin-right:0cm; margin-top:0cm\"><span style=\"line-height:107%\">Hilfe ben\u00f6tigen aber auch die von der Flut getroffenen Kirchengemeinden. Eine zus\u00e4tzliche Kollekte unter dem Motto \u201eGemeinden helfen Gemeinden\u201c soll am Sonntag, 25. Juli, dazu beitragen, dass das gemeindliche Leben auch in den zum Teil stark zerst\u00f6rten Kirchen und Gemeindeh\u00e4usern m\u00f6glichst bald wieder stattfinden kann. \u201eWir k\u00f6nnen mit einer solchen Kollekte auch \u00e4u\u00dferlich zeigen, wie sehr wir im gesamten Raum der EKD Anteil nehmen und mitf\u00fchlen und das auch materiell zum Ausdruck bringen wollen\u201c, so Bedford-Strohm, der darauf hofft, dass sich viele Kirchengemeinden der Idee anschlie\u00dfen. In den Kirchen und Gemeindeh\u00e4usern sind nicht nur die Geb\u00e4ude, sondern vielfach auch das gesamte Inventar durch die Wassersch\u00e4den nicht mehr nutzbar.<\/span><\/p>\n<p style=\"margin-bottom:8pt; margin-left:0cm; margin-right:0cm; margin-top:0cm\"><span style=\"line-height:107%\">Informationen zu Spendenm\u00f6glichkeiten und Hilfsangeboten finden Sie unter www.ekd.de\/Hochwasser.<\/span><\/p>\n<p style=\"margin-bottom:8pt; margin-left:0cm; margin-right:0cm; margin-top:0cm\"><span style=\"line-height:107%\">Hannover, 22. Juli 2021<\/span><\/p>\n<p style=\"margin-bottom:8pt; margin-left:0cm; margin-right:0cm; margin-top:0cm\"><span style=\"line-height:107%\">Pressestelle der EKD<\/span><br \/><span style=\"line-height:107%\">Carsten Splitt<\/span><\/p>\n<p style=\"margin-bottom:8pt; margin-left:0cm; margin-right:0cm; margin-top:0cm\">\u00a0<\/p>\n<\/div>\n","protected":false},"excerpt":{"rendered":"<p>22.07.2021Pressemitteilung Bedford-Strohm wirbt f\u00fcr Zeichen der Anteilnahme am Freitag um 18 Uhr. Solidarit\u00e4ts-Kollekte soll Gemeinden in Hochwassergebieten helfen Als Zeichen<\/p>\n","protected":false},"author":1,"featured_media":1267,"comment_status":"closed","ping_status":"closed","sticky":false,"template":"","format":"standard","meta":{"footnotes":""},"categories":[20],"tags":[],"_links":{"self":[{"href":"https:\/\/krankenhauspfarramt.de\/index.php\/wp-json\/wp\/v2\/posts\/3426"}],"collection":[{"href":"https:\/\/krankenhauspfarramt.de\/index.php\/wp-json\/wp\/v2\/posts"}],"about":[{"href":"https:\/\/krankenhauspfarramt.de\/index.php\/wp-json\/wp\/v2\/types\/post"}],"author":[{"embeddable":true,"href":"https:\/\/krankenhauspfarramt.de\/index.php\/wp-json\/wp\/v2\/users\/1"}],"replies":[{"embeddable":true,"href":"https:\/\/krankenhauspfarramt.de\/index.php\/wp-json\/wp\/v2\/comments?post=3426"}],"version-history":[{"count":1,"href":"https:\/\/krankenhauspfarramt.de\/index.php\/wp-json\/wp\/v2\/posts\/3426\/revisions"}],"predecessor-version":[{"id":3427,"href":"https:\/\/krankenhauspfarramt.de\/index.php\/wp-json\/wp\/v2\/posts\/3426\/revisions\/3427"}],"wp:featuredmedia":[{"embeddable":true,"href":"https:\/\/krankenhauspfarramt.de\/index.php\/wp-json\/wp\/v2\/media\/1267"}],"wp:attachment":[{"href":"https:\/\/krankenhauspfarramt.de\/index.php\/wp-json\/wp\/v2\/media?parent=3426"}],"wp:term":[{"taxonomy":"category","embeddable":true,"href":"https:\/\/krankenhauspfarramt.de\/index.php\/wp-json\/wp\/v2\/categories?post=3426"},{"taxonomy":"post_tag","embeddable":true,"href":"https:\/\/krankenhauspfarramt.de\/index.php\/wp-json\/wp\/v2\/tags?post=3426"}],"curies":[{"name":"wp","href":"https:\/\/api.w.org\/{rel}","templated":true}]}}