{"id":3428,"date":"2021-07-22T16:02:36","date_gmt":"2021-07-22T16:02:36","guid":{"rendered":"https:\/\/krankenhauspfarramt.de\/index.php\/2021\/07\/22\/normale-soziale-arbeit-steht-in-den-sternen-ekd\/"},"modified":"2021-07-22T16:02:40","modified_gmt":"2021-07-22T16:02:40","slug":"normale-soziale-arbeit-steht-in-den-sternen-ekd","status":"publish","type":"post","link":"https:\/\/krankenhauspfarramt.de\/index.php\/2021\/07\/22\/normale-soziale-arbeit-steht-in-den-sternen-ekd\/","title":{"rendered":"\u201eNormale soziale Arbeit steht in den Sternen\u201c \u2013 EKD"},"content":{"rendered":"<p> <br \/>\n<\/p>\n<div>\n<p>Bislang gebe es keine zentrale Erfassung der Sch\u00e4den, sagt Lahrmann. \u201eJeder Di\u00f6zesan-Caritasverband hat eine Koordinationsstelle f\u00fcr Fluthilfe eingerichtet, die sich um Verteilung von Hilfsgeldern, die \u00fcber das Spendenkonto der Caritas eingehen, k\u00fcmmert.\u201c Erst nach dem gro\u00dfen Aufr\u00e4umen \u201ewird zu kl\u00e4ren sein, was Versicherungen \u00fcbernehmen. Bis wann die Sch\u00e4den behoben sein werden, ist noch nicht abzusehen.\u201c<\/p>\n<p>Alle Evakuierten werden in anderen Einrichtungen gut versorgt, \u201ees liegen keine Berichte \u00fcber Versorgungsnotf\u00e4lle vor\u201c. Man helfe sich untereinander: \u201eDie Solidarit\u00e4t im Verband ist hoch\u201c, lobt Lahrmann. \u201eWir werden in den kommenden Tagen L\u00f6sungen f\u00fcr die betroffenen Dienste finden, soweit m\u00f6glich. Die Kommunikation in Euskirchen ist immer noch stark eingeschr\u00e4nkt\u201c, berichtet die Caritas Euskirchen auf Twitter.<\/p>\n<p>Massive Sch\u00e4den beklagt auch die Diakonie. So muss zum Beispiel das evakuierte Seniorenheim in Hagen vollst\u00e4ndig saniert werden. Sabine Damaschke von der Diakonie Rheinland Westfalen Lippe: \u201eAls Diakonie RWL bieten wir Kirchengemeinden und Sozialberatungsstellen an, pauschal mehrere tausend Euro zu \u00fcberweisen, damit sie schnell und unb\u00fcrokratisch betroffenen Menschen helfen k\u00f6nnen.\u201c Bis zum Mittwoch waren rund 8,8 Millionen Euro eingegangen.<\/p>\n<p>Der Parit\u00e4tische Wohlfahrtsverband hat eine Spendenkampagne speziell f\u00fcr die sozialen Einrichtungen gestartet: \u201eOhne Hilfe werden die vielen kleinen Vereine die Kosten zum Wiederaufbau nicht stemmen k\u00f6nnen.\u201c Es drohe die Gefahr, dass Hilfsangebote eingestellt werden m\u00fcssten &#8211; und damit die Ver\u00f6dung der sozialen Landschaft.<\/p>\n<p>Auch die Arbeiterwohlfahrt (AWO) hofft auf schnelle staatliche Hilfen. Die Tr\u00e4ger sozialer Arbeit in den betroffenen Gebieten st\u00fcnden vor gro\u00dfen Herausforderungen. \u201eWir arbeiten mit Hochdruck daran, dass die soziale Infrastruktur vor Ort erhalten bleibt\u201c, sagt Jens M. Schubert, Vorstandsvorsitzender des AWO Bundesverbandes. Das werde viel Geld kosten, weil neue R\u00e4umlichkeiten angemietet, lange Routen f\u00fcr die ambulante Versorgung gefahren oder die eigenen Helferinnen und Helfer psychologisch unterst\u00fctzt werden m\u00fcssten.<\/p>\n<p style=\"text-align:right\">Von Dirk Baas (epd)<\/p>\n<\/p><\/div>\n","protected":false},"excerpt":{"rendered":"<p>Bislang gebe es keine zentrale Erfassung der Sch\u00e4den, sagt Lahrmann. \u201eJeder Di\u00f6zesan-Caritasverband hat eine Koordinationsstelle f\u00fcr Fluthilfe eingerichtet, die sich<\/p>\n","protected":false},"author":1,"featured_media":3429,"comment_status":"closed","ping_status":"closed","sticky":false,"template":"","format":"standard","meta":{"footnotes":""},"categories":[20],"tags":[],"_links":{"self":[{"href":"https:\/\/krankenhauspfarramt.de\/index.php\/wp-json\/wp\/v2\/posts\/3428"}],"collection":[{"href":"https:\/\/krankenhauspfarramt.de\/index.php\/wp-json\/wp\/v2\/posts"}],"about":[{"href":"https:\/\/krankenhauspfarramt.de\/index.php\/wp-json\/wp\/v2\/types\/post"}],"author":[{"embeddable":true,"href":"https:\/\/krankenhauspfarramt.de\/index.php\/wp-json\/wp\/v2\/users\/1"}],"replies":[{"embeddable":true,"href":"https:\/\/krankenhauspfarramt.de\/index.php\/wp-json\/wp\/v2\/comments?post=3428"}],"version-history":[{"count":1,"href":"https:\/\/krankenhauspfarramt.de\/index.php\/wp-json\/wp\/v2\/posts\/3428\/revisions"}],"predecessor-version":[{"id":3430,"href":"https:\/\/krankenhauspfarramt.de\/index.php\/wp-json\/wp\/v2\/posts\/3428\/revisions\/3430"}],"wp:featuredmedia":[{"embeddable":true,"href":"https:\/\/krankenhauspfarramt.de\/index.php\/wp-json\/wp\/v2\/media\/3429"}],"wp:attachment":[{"href":"https:\/\/krankenhauspfarramt.de\/index.php\/wp-json\/wp\/v2\/media?parent=3428"}],"wp:term":[{"taxonomy":"category","embeddable":true,"href":"https:\/\/krankenhauspfarramt.de\/index.php\/wp-json\/wp\/v2\/categories?post=3428"},{"taxonomy":"post_tag","embeddable":true,"href":"https:\/\/krankenhauspfarramt.de\/index.php\/wp-json\/wp\/v2\/tags?post=3428"}],"curies":[{"name":"wp","href":"https:\/\/api.w.org\/{rel}","templated":true}]}}