{"id":3431,"date":"2021-07-23T12:28:47","date_gmt":"2021-07-23T12:28:47","guid":{"rendered":"https:\/\/krankenhauspfarramt.de\/index.php\/2021\/07\/23\/digitale-gottesdienste-fuer-deutsches-olympia-team-ekd\/"},"modified":"2021-07-23T12:28:50","modified_gmt":"2021-07-23T12:28:50","slug":"digitale-gottesdienste-fuer-deutsches-olympia-team-ekd","status":"publish","type":"post","link":"https:\/\/krankenhauspfarramt.de\/index.php\/2021\/07\/23\/digitale-gottesdienste-fuer-deutsches-olympia-team-ekd\/","title":{"rendered":"Digitale Gottesdienste f\u00fcr deutsches Olympia-Team \u2013 EKD"},"content":{"rendered":"<p> <br \/>\n<\/p>\n<div>\n<p>Die Gottesdienste bietet Weber gemeinsam mit der Sport- und Olympia-Seelsorgerin der deutschen Bischofskonferenz, Elisabeth Keilmann, und dem Paralympics-Seelsorger Christian Bode an. Au\u00dferdem werden an die Mannschaft T\u00fcranh\u00e4nger verteilt, auf denen sich die Seelsorger vorstellen, wie Weber berichtet. Statt einem \u201eBitte nicht st\u00f6ren!\u201c, was man sonst von T\u00fcranh\u00e4ngern von Hotels kenne, \u201esagen wir damit: Ihr k\u00f6nnte uns jederzeit ansprechen, wir stehen f\u00fcr Euch auch aus der Ferne per Handy oder Videokonferenz zur Verf\u00fcgung\u201c.<\/p>\n<p>Digitale Formate k\u00f6nnen jedoch nach Worten Webers die direkten Begegnungen mit den Sportlerinnen und Sportlern nicht vollst\u00e4ndig ersetzen. So gebe es in diesem Jahr kein \u201eDeutsches Haus\u201c als Treffpunkt f\u00fcr die Athleten und auch kein olympisches Jugendlager, wo sonst viele Kontakte entst\u00fcnden. \u201eWir geben unserer Kirche ein Gesicht, wenn wir vor Ort sind\u201c, sagt Weber: \u201eDaher ist es schon schade, dass das in diesem Jahr nicht m\u00f6glich ist.\u201c<\/p>\n<p>F\u00fcr die Sportlerinnen und Sportler seien die Olympischen Spiele eine gro\u00dfartige M\u00f6glichkeit, einmal ihre F\u00e4higkeiten zu zeigen, sagte Weber: \u201eAuf diesen Moment haben sie viele Sportlerinnen und Sportler jahrelang vorbereitet.\u201c Dass Olympia unter starken Einschr\u00e4nkungen stattfinde, sei ihnen daher lieber, als wenn es ganz ausfiele.<\/p>\n<p class=\"md-authorline\" style=\"margin-left:0cm; margin-right:0cm; text-align:right\"><em>epd-Gespr\u00e4ch: Holger Spierig<\/em><\/p>\n<\/p><\/div>\n","protected":false},"excerpt":{"rendered":"<p>Die Gottesdienste bietet Weber gemeinsam mit der Sport- und Olympia-Seelsorgerin der deutschen Bischofskonferenz, Elisabeth Keilmann, und dem Paralympics-Seelsorger Christian Bode<\/p>\n","protected":false},"author":1,"featured_media":3432,"comment_status":"closed","ping_status":"closed","sticky":false,"template":"","format":"standard","meta":{"footnotes":""},"categories":[20],"tags":[],"_links":{"self":[{"href":"https:\/\/krankenhauspfarramt.de\/index.php\/wp-json\/wp\/v2\/posts\/3431"}],"collection":[{"href":"https:\/\/krankenhauspfarramt.de\/index.php\/wp-json\/wp\/v2\/posts"}],"about":[{"href":"https:\/\/krankenhauspfarramt.de\/index.php\/wp-json\/wp\/v2\/types\/post"}],"author":[{"embeddable":true,"href":"https:\/\/krankenhauspfarramt.de\/index.php\/wp-json\/wp\/v2\/users\/1"}],"replies":[{"embeddable":true,"href":"https:\/\/krankenhauspfarramt.de\/index.php\/wp-json\/wp\/v2\/comments?post=3431"}],"version-history":[{"count":1,"href":"https:\/\/krankenhauspfarramt.de\/index.php\/wp-json\/wp\/v2\/posts\/3431\/revisions"}],"predecessor-version":[{"id":3433,"href":"https:\/\/krankenhauspfarramt.de\/index.php\/wp-json\/wp\/v2\/posts\/3431\/revisions\/3433"}],"wp:featuredmedia":[{"embeddable":true,"href":"https:\/\/krankenhauspfarramt.de\/index.php\/wp-json\/wp\/v2\/media\/3432"}],"wp:attachment":[{"href":"https:\/\/krankenhauspfarramt.de\/index.php\/wp-json\/wp\/v2\/media?parent=3431"}],"wp:term":[{"taxonomy":"category","embeddable":true,"href":"https:\/\/krankenhauspfarramt.de\/index.php\/wp-json\/wp\/v2\/categories?post=3431"},{"taxonomy":"post_tag","embeddable":true,"href":"https:\/\/krankenhauspfarramt.de\/index.php\/wp-json\/wp\/v2\/tags?post=3431"}],"curies":[{"name":"wp","href":"https:\/\/api.w.org\/{rel}","templated":true}]}}