{"id":3440,"date":"2021-07-26T10:11:29","date_gmt":"2021-07-26T10:11:29","guid":{"rendered":"https:\/\/krankenhauspfarramt.de\/index.php\/2021\/07\/26\/ev-landeskirche-in-wuerttemberg-26-07-2021-schulseelsorge-erstmals-oekumenisch\/"},"modified":"2021-07-26T10:11:29","modified_gmt":"2021-07-26T10:11:29","slug":"ev-landeskirche-in-wuerttemberg-26-07-2021-schulseelsorge-erstmals-oekumenisch","status":"publish","type":"post","link":"https:\/\/krankenhauspfarramt.de\/index.php\/2021\/07\/26\/ev-landeskirche-in-wuerttemberg-26-07-2021-schulseelsorge-erstmals-oekumenisch\/","title":{"rendered":"Ev. Landeskirche in W\u00fcrttemberg: 26.07.2021 Schulseelsorge erstmals \u00f6kumenisch"},"content":{"rendered":"<p><img decoding=\"async\" src=\"https:\/\/www.elk-wue.de\/\" \/><\/p>\n<div id=\"c30390\">\n<header>\n<h2 class=\"b_is-headline\">Schulseelsorge erstmals \u00f6kumenisch<\/h2>\n<h3>Bundesweit bislang einmalig: Di\u00f6zese Rottenburg-Stuttgart und Evangelische Landeskirche in W\u00fcrttemberg bieten gemeinsame Weiterbildung an<\/h3>\n<\/header>\n<p>Stuttgart\/Rottenburg. 15 \u00f6kumenisch ausgebildete Schulseelsorgerinnen und -seelsorger k\u00fcmmern sich ab dem Schuljahr 2021\/22 vorrangig um die Anliegen von Sch\u00fclerinnen und Sch\u00fcler in W\u00fcrttemberg. Erstmals haben die Evangelische Landeskirche und die Di\u00f6zese Rottenburg-Stuttgart eine gemeinsame dreij\u00e4hrige Ausbildung zur Schulseelsorge durchgef\u00fchrt und damit bundesweit ein Novum geschaffen.<\/p>\n<p>\u201eBasis f\u00fcr unsere Zusammenarbeit ist die gro\u00dfe Gemeinsamkeit, aber auch Unterschiede werden so transparent gemacht, dass sie sich gegenseitig befl\u00fcgeln\u201c, sagt Bildungsdezernentin Carmen Rivuzumwami von der Evangelischen Landeskirche in W\u00fcrttemberg. Damit komme ein besonders effizientes Qualifizierungsangebot zustande. \u201eUnsere Schulseelsorger und Schulseelsorgerinnen sind an den Schulen vielerorts als Teams t\u00e4tig, es ist also sinnvoll, diese auch schon gemeinsam auszubilden und f\u00fcr ihre Zusammenarbeit auszur\u00fcsten\u201c, erg\u00e4nzt Ordinariatsr\u00e4tin Ute Augustyniak-D\u00fcrr, Leiterin der Hauptabteilung Schulen in der Di\u00f6zese Rottenburg-Stuttgart.<\/p>\n<p>Die Weiterbildung richtet sich an Religionslehrkr\u00e4fte. Sie bilden beispielsweise ein \u00f6kumenisches Team, um gemeinsam mit weiteren Beteiligten eine positive und gemeinschaftsf\u00f6rdernde Kultur in der Schule mitzugestalten. Auch in schwierigen Situationen sind die Schulseelsorgerinnen und -seelsorger gefragt: So \u00fcberbringen sie beispielsweise Todesnachrichten an Klassen und begleiten diese durch die schwere Zeit. Sie richten R\u00e4ume der Stille in Schulen ein und leiten meditative Angebote, damit Sch\u00fclerinnen und Sch\u00fcler, aber auch Lehrkr\u00e4fte, im Trubel des Schulalltags eine M\u00f6glichkeit haben, um Ruhe zu finden.<\/p>\n<p>Auch digitale Angebote sind Teil von Schulseelsorge. Sie sollen Hoffnung spenden und auch in Zeiten der Corona-Pandemie Anlaufstellen f\u00fcr die Sorgen von Sch\u00fclerinnen und Sch\u00fclern sein. In Gespr\u00e4chen geben die speziell qualifizierten Lehrkr\u00e4fte\u00a0Trost und Orientierung oder konkrete Hilfestellungen. Aber auch \u00fcber die Angebote f\u00fcr Einzelne hinaus bieten Schulseelsorgende in gemeinschaftsbezogenen Projekten Unterst\u00fctzung und Orientierung. Ziel ist auch, mit den Angeboten zum Frieden in der Schule beizutragen und alle am Schulleben Beteiligen zu unterst\u00fctzen.<\/p>\n<p>\u201eSchulseelsorge leistet einen wichtigen Beitrag zum Erziehungs- und Bildungsauftrag der Schulen\u201c, erl\u00e4utert Augustyniak-D\u00fcrr. \u201eKonkrete Beispiele sind Angebote zur kritischen Medienbildung, zu Friedens- und Konfliktf\u00e4higkeit. Diese Kompetenzen zu f\u00f6rdern, kann im Unterricht vielfach nicht ausreichend geleistet werden, weil sie im konkreten Handeln \u00fcber diesen hinausgehen.\u201c Umso erfreulicher sei es, dass die n\u00e4chste Weiterbildung sogar mit zwei Kursen fortgef\u00fchrt wird, sagt Rivuzumwami: \u201eDie R\u00fcckmeldungen auf den ersten dreij\u00e4hrigen \u00f6kumenischen Qualifizierungskurs \u2013 und auch zu k\u00fcrzeren \u00f6kumenischen Angeboten \u2013 sind so positiv, dass wir diese Zusammenarbeit unbedingt weiter entwickeln wollen.\u201c Insgesamt 30 weitere Religionslehrerinnen und -lehrer, jeweils parit\u00e4risch auf beide Kirchen verteilt, \u00a0nehmen an den beiden \u00f6kumenischen Weiterbildungskursen zur Schulseelsorge teil.<\/p>\n<p>\u00a0<\/p>\n<p>Oliver Hoesch<br \/>Sprecher der Landeskirche<\/p>\n<p>\u00a0<\/p>\n<p><strong>Hinweise<\/strong>: Die Pressemitteilung wird von der Evangelischen Landeskirche in W\u00fcrttemberg und der Di\u00f6zese Rottenburg-Stuttgart zeitgleich versendet.<br \/>Ein Bild von Carmen Rivuzumwami finden Sie im Pressebereich der Webseite www.elk-wue.de. Ein Foto von Ute Augustyniak-D\u00fcrr finden Sie im Pressebereich der Website www.drs.de.<\/p>\n<p>\u00a0<\/p>\n<\/div>\n","protected":false},"excerpt":{"rendered":"<p>Schulseelsorge erstmals \u00f6kumenisch Bundesweit bislang einmalig: Di\u00f6zese Rottenburg-Stuttgart und Evangelische Landeskirche in W\u00fcrttemberg bieten gemeinsame Weiterbildung an Stuttgart\/Rottenburg. 15 \u00f6kumenisch<\/p>\n","protected":false},"author":1,"featured_media":0,"comment_status":"closed","ping_status":"closed","sticky":false,"template":"","format":"standard","meta":{"footnotes":""},"categories":[21],"tags":[],"_links":{"self":[{"href":"https:\/\/krankenhauspfarramt.de\/index.php\/wp-json\/wp\/v2\/posts\/3440"}],"collection":[{"href":"https:\/\/krankenhauspfarramt.de\/index.php\/wp-json\/wp\/v2\/posts"}],"about":[{"href":"https:\/\/krankenhauspfarramt.de\/index.php\/wp-json\/wp\/v2\/types\/post"}],"author":[{"embeddable":true,"href":"https:\/\/krankenhauspfarramt.de\/index.php\/wp-json\/wp\/v2\/users\/1"}],"replies":[{"embeddable":true,"href":"https:\/\/krankenhauspfarramt.de\/index.php\/wp-json\/wp\/v2\/comments?post=3440"}],"version-history":[{"count":0,"href":"https:\/\/krankenhauspfarramt.de\/index.php\/wp-json\/wp\/v2\/posts\/3440\/revisions"}],"wp:attachment":[{"href":"https:\/\/krankenhauspfarramt.de\/index.php\/wp-json\/wp\/v2\/media?parent=3440"}],"wp:term":[{"taxonomy":"category","embeddable":true,"href":"https:\/\/krankenhauspfarramt.de\/index.php\/wp-json\/wp\/v2\/categories?post=3440"},{"taxonomy":"post_tag","embeddable":true,"href":"https:\/\/krankenhauspfarramt.de\/index.php\/wp-json\/wp\/v2\/tags?post=3440"}],"curies":[{"name":"wp","href":"https:\/\/api.w.org\/{rel}","templated":true}]}}