{"id":3451,"date":"2021-07-27T22:09:58","date_gmt":"2021-07-27T22:09:58","guid":{"rendered":"https:\/\/krankenhauspfarramt.de\/index.php\/2021\/07\/27\/selbsthilfe-fuer-angehoerige-von-corona-toten-in-bayern-vernetzt-sich-ekd\/"},"modified":"2021-07-27T22:10:00","modified_gmt":"2021-07-27T22:10:00","slug":"selbsthilfe-fuer-angehoerige-von-corona-toten-in-bayern-vernetzt-sich-ekd","status":"publish","type":"post","link":"https:\/\/krankenhauspfarramt.de\/index.php\/2021\/07\/27\/selbsthilfe-fuer-angehoerige-von-corona-toten-in-bayern-vernetzt-sich-ekd\/","title":{"rendered":"Selbsthilfe f\u00fcr Angeh\u00f6rige von Corona-Toten in Bayern vernetzt sich \u2013 EKD"},"content":{"rendered":"<p> <br \/>\n<\/p>\n<div>\n<p style=\"margin-left:0cm; margin-right:0cm\">Die Kirche widme sich den Angeh\u00f6rigen bereits mit vielen seelsorgerlichen Angeboten. Selbsthilfegruppen seien aber eine besondere Form, mit Menschen, die ein \u00e4hnliches Schicksal erleiden, gemeinsam durch die Trauer zu gehen. \u201eDie Kraft liegt im Austausch, und Heilung liegt in der Begegnung mit Menschen\u201c, sagte Bedford-Strohm, der auch Ratsvorsitzender der Evangelischen Kirche in Deutschland (EKD) ist. Er hoffe, dass Selbsthilfegruppen f\u00fcr Angeh\u00f6rige von Corona-Toten bald in ganz Deutschland Schule machen.<\/p>\n<p style=\"margin-left:0cm; margin-right:0cm\">Mehr als 91.000 Menschen sind bisland in Deutschland in Zusammenhang mit einer Corona-Infektion gestorben. Wenn Angeh\u00f6rige an Corona sterben, blieben viele Fragen offen, berichtete Antonia Palmer als Betroffene in Weiden dar\u00fcber, wie es ihr erging, als ihr Vater starb. \u201eH\u00e4tte es geholfen, wenn wir ihn im Krankenhaus h\u00e4tten besuchen k\u00f6nnen? War ich m\u00f6glicherweise selbst \u00dcbertr\u00e4gerin?\u201c, fragte die 22-j\u00e4hrige Studentin aus W\u00fcrzburg. Sie habe die erste Selbsthilfegruppe gegr\u00fcndet, um Menschen in \u00e4hnlicher Situation kennenzulernen. Die Gruppe treffe sich einmal im Monat digital und habe nach wenigen Wochen schon 40 Mitglieder.<\/p>\n<\/p><\/div>\n","protected":false},"excerpt":{"rendered":"<p>Die Kirche widme sich den Angeh\u00f6rigen bereits mit vielen seelsorgerlichen Angeboten. Selbsthilfegruppen seien aber eine besondere Form, mit Menschen, die<\/p>\n","protected":false},"author":1,"featured_media":3452,"comment_status":"closed","ping_status":"closed","sticky":false,"template":"","format":"standard","meta":{"footnotes":""},"categories":[20],"tags":[],"_links":{"self":[{"href":"https:\/\/krankenhauspfarramt.de\/index.php\/wp-json\/wp\/v2\/posts\/3451"}],"collection":[{"href":"https:\/\/krankenhauspfarramt.de\/index.php\/wp-json\/wp\/v2\/posts"}],"about":[{"href":"https:\/\/krankenhauspfarramt.de\/index.php\/wp-json\/wp\/v2\/types\/post"}],"author":[{"embeddable":true,"href":"https:\/\/krankenhauspfarramt.de\/index.php\/wp-json\/wp\/v2\/users\/1"}],"replies":[{"embeddable":true,"href":"https:\/\/krankenhauspfarramt.de\/index.php\/wp-json\/wp\/v2\/comments?post=3451"}],"version-history":[{"count":1,"href":"https:\/\/krankenhauspfarramt.de\/index.php\/wp-json\/wp\/v2\/posts\/3451\/revisions"}],"predecessor-version":[{"id":3453,"href":"https:\/\/krankenhauspfarramt.de\/index.php\/wp-json\/wp\/v2\/posts\/3451\/revisions\/3453"}],"wp:featuredmedia":[{"embeddable":true,"href":"https:\/\/krankenhauspfarramt.de\/index.php\/wp-json\/wp\/v2\/media\/3452"}],"wp:attachment":[{"href":"https:\/\/krankenhauspfarramt.de\/index.php\/wp-json\/wp\/v2\/media?parent=3451"}],"wp:term":[{"taxonomy":"category","embeddable":true,"href":"https:\/\/krankenhauspfarramt.de\/index.php\/wp-json\/wp\/v2\/categories?post=3451"},{"taxonomy":"post_tag","embeddable":true,"href":"https:\/\/krankenhauspfarramt.de\/index.php\/wp-json\/wp\/v2\/tags?post=3451"}],"curies":[{"name":"wp","href":"https:\/\/api.w.org\/{rel}","templated":true}]}}