{"id":3460,"date":"2021-07-28T14:42:03","date_gmt":"2021-07-28T14:42:03","guid":{"rendered":"https:\/\/krankenhauspfarramt.de\/index.php\/2021\/07\/28\/erstaufnahme-foerdern-die-gutes-ankommen-ermoeglicht-ekd\/"},"modified":"2021-07-28T14:42:05","modified_gmt":"2021-07-28T14:42:05","slug":"erstaufnahme-foerdern-die-gutes-ankommen-ermoeglicht-ekd","status":"publish","type":"post","link":"https:\/\/krankenhauspfarramt.de\/index.php\/2021\/07\/28\/erstaufnahme-foerdern-die-gutes-ankommen-ermoeglicht-ekd\/","title":{"rendered":"\u201eErstaufnahme f\u00f6rdern, die gutes Ankommen erm\u00f6glicht&#8220; \u2013 EKD"},"content":{"rendered":"<p> <br \/>\n<\/p>\n<div id=\"\">\n<div class=\"article--meta article--meta__border clearfix\">\n<p>                                    <time datetime=\"28.07.2021 13:30\" class=\"article--time\">28.07.2021<\/time><strong class=\"article--type primus--overline\">Pressemitteilung<\/strong><\/p>\n<picture class=\"article--source-image image\"><source srcset=\"https:\/\/ekd.de\/ekd_de\/ds_img\/assets\/20170622_ekd-Quellenlogo_141_rdax_423x118.png\"><!--<source srcset=\"\/ekd_de\/ds_img\/assets\/20170622_ekd-Quellenlogo_141_rdax_141x39.png 1x, \/ekd_de\/ds_img\/assets\/20170622_ekd-Quellenlogo_141_rdax_282x78.png 2x, https:\/\/ekd.de\/ekd_de\/ds_img\/assets\/20170622_ekd-Quellenlogo_141_rdax_423x118.png 3x\">--><\/source><\/picture>\n<\/p><\/div>\n<h2 class=\"article--sub-headline primus--sub-headline\">Bevollm\u00e4chtigter der EKD zieht drei Jahre nach Einf\u00fchrung der sogenannten AnkER-Zentren eine ern\u00fcchternde Bilanz<\/h2>\n<\/p><\/div>\n<div id=\"\">\n<p>Seit August 2018 werden Asylsuchende in Deutschland in sogenannten Ankunfts-, Entscheidungs- und R\u00fcckkehr-Zentren (kurz: \u201eAnkER-Zentren\u201c) und vergleichbaren Einrichtungen untergebracht. Schutzsuchende m\u00fcssen bis zu anderthalb Jahre, mitunter sogar mehrere Jahre, in diesen Erstaufnahmeeinrichtungen der Bundesl\u00e4nder leben, Familien bis zu sechs Monate. In den Zentren wird dazu die Fl\u00fcchtlingsaufnahme von Anfang an eng mit einer m\u00f6glichen Ausreise oder Abschiebung verbunden.<\/p>\n<p>Der Bevollm\u00e4chtigte des Rates der Evangelischen Kirche in Deutschland (EKD) bei der Bundesrepublik Deutschland und der Europ\u00e4ischen Union, Pr\u00e4lat Martin Dutzmann, zieht zum dritten Jahrestag der Einf\u00fchrung der AnkER-Zentren und vergleichbarer Einrichtungen Bilanz: \u201eDiese Massenquartiere zerm\u00fcrben die Menschen. Ich bin davon \u00fcberzeugt, dass niemand, ohne Schaden zu nehmen, \u00fcber Monate oder sogar Jahre in solchen Unterk\u00fcnften leben kann\u201c, so Dutzmann. Oft seien die Unterk\u00fcnfte sehr abgelegen und der Zugang f\u00fcr ehrenamtliche Helfer*innen, Beratungsstellen und Rechtsanw\u00e4lt*innen extrem schwierig. Viele Kinder und Jugendliche w\u00fcrden in den Zentren nur ungen\u00fcgend beschult. \u201eAls Kirche wollen wir, dass die schutzsuchenden Menschen gut ankommen k\u00f6nnen. Deswegen sollten sie so kurz wie m\u00f6glich in Gemeinschaftsunterk\u00fcnften untergebracht werden und so schnell wie m\u00f6glich menschenw\u00fcrdig und dezentral leben k\u00f6nnen, unabh\u00e4ngig von der Schutzperspektive.\u201c Die AnkER-Zentren seien das Gegenteil dessen und verhinderten gesellschaftliche Teilhabe, so der Bevollm\u00e4chtigte.<\/p>\n<p>Eingef\u00fchrt wurden die AnkER-Zentren im August 2018, um Asylverfahren zu beschleunigen und mehr Menschen zur Ausreise zu bewegen. Laut einer Evaluation des Bundesamtes f\u00fcr Migration und Fl\u00fcchtlinge wurde die Verfahrensdauer durch die Zentren jedoch kaum beschleunigt. Pr\u00e4lat Dutzmann: \u201eDie Bundesregierung sollte das Experiment AnkER-Zentren so bald als m\u00f6glich beenden und eine Erstaufnahme f\u00f6rdern, die Gefl\u00fcchteten ein gutes Ankommen erm\u00f6glicht.\u201c<\/p>\n<p>Auch die Diakonie Deutschland fordert gemeinsam mit zahlreichen anderen Wohlfahrtsverb\u00e4nden und Organisationen ein Ende der AnkER-Zentren und eine zukunftsorientierte Erstaufnahme von Asylsuchenden in Deutschland.<\/p>\n<p>Hannover, 28. Juli 2021<\/p>\n<p>Pressestelle der EKD<br \/>Carsten Splitt<\/p>\n<\/div>\n","protected":false},"excerpt":{"rendered":"<p>28.07.2021Pressemitteilung Bevollm\u00e4chtigter der EKD zieht drei Jahre nach Einf\u00fchrung der sogenannten AnkER-Zentren eine ern\u00fcchternde Bilanz Seit August 2018 werden Asylsuchende<\/p>\n","protected":false},"author":1,"featured_media":569,"comment_status":"closed","ping_status":"closed","sticky":false,"template":"","format":"standard","meta":{"footnotes":""},"categories":[20],"tags":[],"_links":{"self":[{"href":"https:\/\/krankenhauspfarramt.de\/index.php\/wp-json\/wp\/v2\/posts\/3460"}],"collection":[{"href":"https:\/\/krankenhauspfarramt.de\/index.php\/wp-json\/wp\/v2\/posts"}],"about":[{"href":"https:\/\/krankenhauspfarramt.de\/index.php\/wp-json\/wp\/v2\/types\/post"}],"author":[{"embeddable":true,"href":"https:\/\/krankenhauspfarramt.de\/index.php\/wp-json\/wp\/v2\/users\/1"}],"replies":[{"embeddable":true,"href":"https:\/\/krankenhauspfarramt.de\/index.php\/wp-json\/wp\/v2\/comments?post=3460"}],"version-history":[{"count":1,"href":"https:\/\/krankenhauspfarramt.de\/index.php\/wp-json\/wp\/v2\/posts\/3460\/revisions"}],"predecessor-version":[{"id":3461,"href":"https:\/\/krankenhauspfarramt.de\/index.php\/wp-json\/wp\/v2\/posts\/3460\/revisions\/3461"}],"wp:featuredmedia":[{"embeddable":true,"href":"https:\/\/krankenhauspfarramt.de\/index.php\/wp-json\/wp\/v2\/media\/569"}],"wp:attachment":[{"href":"https:\/\/krankenhauspfarramt.de\/index.php\/wp-json\/wp\/v2\/media?parent=3460"}],"wp:term":[{"taxonomy":"category","embeddable":true,"href":"https:\/\/krankenhauspfarramt.de\/index.php\/wp-json\/wp\/v2\/categories?post=3460"},{"taxonomy":"post_tag","embeddable":true,"href":"https:\/\/krankenhauspfarramt.de\/index.php\/wp-json\/wp\/v2\/tags?post=3460"}],"curies":[{"name":"wp","href":"https:\/\/api.w.org\/{rel}","templated":true}]}}