{"id":3462,"date":"2021-07-28T18:19:31","date_gmt":"2021-07-28T18:19:31","guid":{"rendered":"https:\/\/krankenhauspfarramt.de\/index.php\/2021\/07\/28\/kirche-muss-in-hochwasserregionen-nah-bei-den-menschen-sein-ekd\/"},"modified":"2021-07-28T18:19:34","modified_gmt":"2021-07-28T18:19:34","slug":"kirche-muss-in-hochwasserregionen-nah-bei-den-menschen-sein-ekd","status":"publish","type":"post","link":"https:\/\/krankenhauspfarramt.de\/index.php\/2021\/07\/28\/kirche-muss-in-hochwasserregionen-nah-bei-den-menschen-sein-ekd\/","title":{"rendered":"Kirche muss in Hochwasserregionen nah bei den Menschen sein \u2013 EKD"},"content":{"rendered":"<p> <br \/>\n<\/p>\n<div>\n<p>Der leitende Theologe der rheinischen Kirche kritisierte theologisch-religi\u00f6se Spekulationen im Internet \u00fcber die Flut als \u201eGericht Gottes\u201c. \u00dcber solche theologischen Deutungen sei er \u201emanchmal ein bisschen entsetzt\u201c. Das seien \u201ereine Schreibtischspekulationen\u201c, sagte Latzel. \u201eWenn ich den Leuten vor Ort in die Augen schaue, kann ich so nicht von Gott sprechen\u201c, erkl\u00e4rte der rheinische Pr\u00e4ses. \u201eDort ist Gott f\u00fcr mich anders, mitleidend gegenw\u00e4rtig: Christus im Schlamm. So kann ich das nur f\u00fcr mich fassen.\u201c<\/p>\n<p>Ihm sei es pers\u00f6nlich sehr wichtig gewesen, gemeinsam mit den Kolleginnen und Kollegen den Menschen in den Regionen der Flutkatastrophe zuzuh\u00f6ren, sie zu st\u00e4rken und zu tr\u00f6sten. \u201eIch habe Theologie studiert, promoviert, aber diese Erfahrungen ver\u00e4ndern aktuell mein eigenes theologisches Denken nachhaltig, wenn man sich wirklich in die Begegnung mit Menschen gibt und sie nach ihren Geschichten fragt\u201c, sagte der Pr\u00e4ses der Evangelischen Kirche im Rheinland. Das gelte im Positiven, wie bei seiner Fahrradtour der Hoffnung wenige Wochen zuvor durch diese Gebiete, sowie auch im Kritischen, wie bei der \u00dcberschwemmung,<\/p>\n<\/p><\/div>\n","protected":false},"excerpt":{"rendered":"<p>Der leitende Theologe der rheinischen Kirche kritisierte theologisch-religi\u00f6se Spekulationen im Internet \u00fcber die Flut als \u201eGericht Gottes\u201c. \u00dcber solche theologischen<\/p>\n","protected":false},"author":1,"featured_media":3463,"comment_status":"closed","ping_status":"closed","sticky":false,"template":"","format":"standard","meta":{"footnotes":""},"categories":[20],"tags":[],"_links":{"self":[{"href":"https:\/\/krankenhauspfarramt.de\/index.php\/wp-json\/wp\/v2\/posts\/3462"}],"collection":[{"href":"https:\/\/krankenhauspfarramt.de\/index.php\/wp-json\/wp\/v2\/posts"}],"about":[{"href":"https:\/\/krankenhauspfarramt.de\/index.php\/wp-json\/wp\/v2\/types\/post"}],"author":[{"embeddable":true,"href":"https:\/\/krankenhauspfarramt.de\/index.php\/wp-json\/wp\/v2\/users\/1"}],"replies":[{"embeddable":true,"href":"https:\/\/krankenhauspfarramt.de\/index.php\/wp-json\/wp\/v2\/comments?post=3462"}],"version-history":[{"count":1,"href":"https:\/\/krankenhauspfarramt.de\/index.php\/wp-json\/wp\/v2\/posts\/3462\/revisions"}],"predecessor-version":[{"id":3464,"href":"https:\/\/krankenhauspfarramt.de\/index.php\/wp-json\/wp\/v2\/posts\/3462\/revisions\/3464"}],"wp:featuredmedia":[{"embeddable":true,"href":"https:\/\/krankenhauspfarramt.de\/index.php\/wp-json\/wp\/v2\/media\/3463"}],"wp:attachment":[{"href":"https:\/\/krankenhauspfarramt.de\/index.php\/wp-json\/wp\/v2\/media?parent=3462"}],"wp:term":[{"taxonomy":"category","embeddable":true,"href":"https:\/\/krankenhauspfarramt.de\/index.php\/wp-json\/wp\/v2\/categories?post=3462"},{"taxonomy":"post_tag","embeddable":true,"href":"https:\/\/krankenhauspfarramt.de\/index.php\/wp-json\/wp\/v2\/tags?post=3462"}],"curies":[{"name":"wp","href":"https:\/\/api.w.org\/{rel}","templated":true}]}}