{"id":3465,"date":"2021-07-28T22:25:19","date_gmt":"2021-07-28T22:25:19","guid":{"rendered":"https:\/\/krankenhauspfarramt.de\/index.php\/2021\/07\/28\/rechte-von-fluechtlingen-sind-unverhandelbar-ekd\/"},"modified":"2021-07-28T22:25:22","modified_gmt":"2021-07-28T22:25:22","slug":"rechte-von-fluechtlingen-sind-unverhandelbar-ekd","status":"publish","type":"post","link":"https:\/\/krankenhauspfarramt.de\/index.php\/2021\/07\/28\/rechte-von-fluechtlingen-sind-unverhandelbar-ekd\/","title":{"rendered":"Rechte von Fl\u00fcchtlingen sind unverhandelbar \u2013 EKD"},"content":{"rendered":"<p> <br \/>\n<\/p>\n<div id=\"\">\n<p>Berlin (epd). Der Ratsvorsitzende der Evangelischen Kirche in Deutschland, Heinrich Bedford-Strohm, hat zum 70. Jahrestag der Verabschiedung der Genfer Fl\u00fcchtlingskonvention zur Verteidigung dieses internationalen Abkommens aufgerufen. Es m\u00fcsse klar sein: \u201eDie W\u00fcrde und die Rechte von Menschen auf der Flucht sind unverhandelbar\u201c, sagte Bedford-Strohm dem \u201eRedaktionsNetzwerk Deutschland\u201c (Mittwoch). Doch immer dort, wo sich die Fl\u00fcchtlingskonvention in der Umsetzung bew\u00e4hren muss, gerate sie zunehmend auch selbst unter Druck.<\/p>\n<\/div>\n<div id=\"\"><!-- SRC:  --><\/p>\n<aside class=\"article--aside quintus teaser teaser__related rs_skip rs_preserve\">\n<div class=\"teaser--article teaser--content\">\n<figure class=\"teaser--image\"><picture><source media=\"(max-width:935px)\" srcset=\"https:\/\/ekd.de\/ekd_de\/ds_img\/assets_1875_x\/210310_unspash_gaelle_marcel_pfeil_strasse_flucht_1875_rdax_625x352_60.jpg 1x, https:\/\/ekd.de\/ekd_de\/ds_img\/assets_1875_x\/210310_unspash_gaelle_marcel_pfeil_strasse_flucht_1875_rdax_1250x704_60.jpg 2x, https:\/\/ekd.de\/ekd_de\/ds_img\/assets_1875_x\/210310_unspash_gaelle_marcel_pfeil_strasse_flucht_1875_rdax_60.jpg 3x\"><source media=\"(min-width:934px)\" srcset=\"https:\/\/ekd.de\/ekd_de\/ds_img\/assets_1875_x\/210310_unspash_gaelle_marcel_pfeil_strasse_flucht_1875_rdax_360x203_70.jpg 1x, https:\/\/ekd.de\/ekd_de\/ds_img\/assets_1875_x\/210310_unspash_gaelle_marcel_pfeil_strasse_flucht_1875_rdax_720x406_70.jpg 2x, https:\/\/ekd.de\/ekd_de\/ds_img\/assets_1875_x\/210310_unspash_gaelle_marcel_pfeil_strasse_flucht_1875_rdax_1080x608_70.jpg 3x\"><\/source><\/source><\/picture><figcaption\/><\/figure>\n<p class=\"quintus--text teaser--text\">Weltweit sind Millionen Menschen auf der Flucht. Viele riskieren dabei ihr Leben, um Verfolgung zu entgehen und auf der Suche nach besseren Lebensbedingungen f\u00fcr sich und ihre Familien. Diese Menschen brauchen unsere Hilfe: in Seenot, in Fl\u00fcchtlingslagern, bei der Integration in unserer Nachbarschaft.<\/p>\n<\/p><\/div>\n<\/aside>\n<div class=\"article--content\">\n<p>Mehr als 82 Millionen Menschen seien weltweit vertrieben oder auf der Flucht Durch die Corona-Pandemie habe sich die Lage von Menschen auf der Flucht noch versch\u00e4rft, sagte der bayerische Landesbischof und oberste Repr\u00e4sentant der deutschen Protestanten. Es sei ein Gebot christlicher N\u00e4chstenliebe, Menschen, die aus ihren Heimatl\u00e4ndern vor Krieg und Elend fliehen, nicht ihrem Elend zu \u00fcberlassen. \u201eEs liegt an uns zu zeigen, was uns die Menschenw\u00fcrde und die Menschenrechte wert sind\u201c, sagte Bedford-Strohm.<\/p>\n<p>Das \u201eAbkommen \u00fcber die Rechtstellung der Fl\u00fcchtlinge\u201c (Genfer Fl\u00fcchtlingskonvention) war am 28. Juli 1951 in Genf verabschiedet worden und 1954 in Kraft getreten. Nach den Vertreibungen des Zweiten Weltkrieges und den Verfolgungen der Nationalsozialisten gew\u00e4hrten die Staaten den Fl\u00fcchtlingen eine Reihe von Rechten, um sie in den Aufnahmel\u00e4ndern zu sch\u00fctzen.<\/p>\n<\/p><\/div>\n<\/div>\n<div id=\"\">\n<h2>Genfer Fl\u00fcchtlingskonvention verteidigen<\/h2>\n<p>\u201eDie Genfer Fl\u00fcchtlingskonvention ist das wichtigste internationale Dokument f\u00fcr den Fl\u00fcchtlingsschutz und bis heute unverzichtbar\u201c, sagte Bedford-Strohm. Umso dringlicher sei es, die Genfer Fl\u00fcchtlingskonvention \u201eauch selbst zu sch\u00fctzen\u201c.<\/p>\n<p>Immer dort, wo sich die Genfer Fl\u00fcchtlingskonvention in der Umsetzung bew\u00e4hren m\u00fcsse, gerate sie zunehmend auch selbst unter Druck, f\u00fcgte Bedford-Strohm hinzu, der auch bayerischer Landesbischof ist.<\/p>\n<p>Es sei ein Gebot christlicher N\u00e4chstenliebe, Menschen, die aus ihren Heimatl\u00e4ndern vor Krieg und Elend fliehen, nicht ihrem Elend zu \u00fcberlassen.\u00a0<\/p>\n<p>Das 70 Jahre alte Genfer \u201eAbkommen \u00fcber die Rechtstellung der Fl\u00fcchtlinge\u201c ist die Grundlage des internationalen Fl\u00fcchtlingsrechts. Die Genfer Fl\u00fcchtlingskonvention wurde am 28. Juli 1951 am europ\u00e4ischen Hauptsitz der UN in Genf verabschiedet und trat am 22. April 1954 in Kraft. Die Bundesrepublik Deutschland war einer der ersten Unterzeichner. Nach den Vertreibungen des Zweiten Weltkrieges und den Verfolgungen der Nazis gew\u00e4hrten die Staaten den Fl\u00fcchtlingen eine Reihe von Rechten, um sie in den Aufnahmel\u00e4ndern zu sch\u00fctzen.<\/p>\n<\/div>\n<div id=\"\">\n<div class=\"article--downloads download\">\n<p><h3 class=\"primus--sub-headline\">Die Genfer Fl\u00fcchtlingskonvention<\/h3>\n<\/p><\/div>\n<\/div>\n","protected":false},"excerpt":{"rendered":"<p>Berlin (epd). Der Ratsvorsitzende der Evangelischen Kirche in Deutschland, Heinrich Bedford-Strohm, hat zum 70. Jahrestag der Verabschiedung der Genfer Fl\u00fcchtlingskonvention<\/p>\n","protected":false},"author":1,"featured_media":3466,"comment_status":"closed","ping_status":"closed","sticky":false,"template":"","format":"standard","meta":{"footnotes":""},"categories":[20],"tags":[],"_links":{"self":[{"href":"https:\/\/krankenhauspfarramt.de\/index.php\/wp-json\/wp\/v2\/posts\/3465"}],"collection":[{"href":"https:\/\/krankenhauspfarramt.de\/index.php\/wp-json\/wp\/v2\/posts"}],"about":[{"href":"https:\/\/krankenhauspfarramt.de\/index.php\/wp-json\/wp\/v2\/types\/post"}],"author":[{"embeddable":true,"href":"https:\/\/krankenhauspfarramt.de\/index.php\/wp-json\/wp\/v2\/users\/1"}],"replies":[{"embeddable":true,"href":"https:\/\/krankenhauspfarramt.de\/index.php\/wp-json\/wp\/v2\/comments?post=3465"}],"version-history":[{"count":1,"href":"https:\/\/krankenhauspfarramt.de\/index.php\/wp-json\/wp\/v2\/posts\/3465\/revisions"}],"predecessor-version":[{"id":3467,"href":"https:\/\/krankenhauspfarramt.de\/index.php\/wp-json\/wp\/v2\/posts\/3465\/revisions\/3467"}],"wp:featuredmedia":[{"embeddable":true,"href":"https:\/\/krankenhauspfarramt.de\/index.php\/wp-json\/wp\/v2\/media\/3466"}],"wp:attachment":[{"href":"https:\/\/krankenhauspfarramt.de\/index.php\/wp-json\/wp\/v2\/media?parent=3465"}],"wp:term":[{"taxonomy":"category","embeddable":true,"href":"https:\/\/krankenhauspfarramt.de\/index.php\/wp-json\/wp\/v2\/categories?post=3465"},{"taxonomy":"post_tag","embeddable":true,"href":"https:\/\/krankenhauspfarramt.de\/index.php\/wp-json\/wp\/v2\/tags?post=3465"}],"curies":[{"name":"wp","href":"https:\/\/api.w.org\/{rel}","templated":true}]}}