{"id":3471,"date":"2021-07-29T14:35:15","date_gmt":"2021-07-29T14:35:15","guid":{"rendered":"https:\/\/krankenhauspfarramt.de\/index.php\/2021\/07\/29\/experiment-anker-zentren-beenden-ekd\/"},"modified":"2021-07-29T14:35:18","modified_gmt":"2021-07-29T14:35:18","slug":"experiment-anker-zentren-beenden-ekd","status":"publish","type":"post","link":"https:\/\/krankenhauspfarramt.de\/index.php\/2021\/07\/29\/experiment-anker-zentren-beenden-ekd\/","title":{"rendered":"&#8222;Experiment&#8220; Anker-Zentren beenden \u2013 EKD"},"content":{"rendered":"<p> <br \/>\n<\/p>\n<div id=\"\">\n<p>Hannover (epd). Die Evangelische Kirche in Deutschland (EKD) fordert ein m\u00f6glichst rasches Ende der sogenannten Anker-Zentren f\u00fcr Asylsuchende. Schutzsuchende Menschen sollten \u201eso kurz wie m\u00f6glich in Gemeinschaftsunterk\u00fcnften untergebracht werden und so schnell wie m\u00f6glich menschenw\u00fcrdig und dezentral leben k\u00f6nnen\u201c, erkl\u00e4rte der Bevollm\u00e4chtigte des EKD-Rates bei der Bundesrepublik Deutschland und der Europ\u00e4ischen Union, Pr\u00e4lat Martin Dutzmann, am Mittwoch in einer Bilanz zum dritten Jahrestag der Einf\u00fchrung der Zentren und vergleichbarer Einrichtungen.<\/p>\n<\/div>\n<div id=\"\"><!-- SRC:  --><\/p>\n<aside class=\"article--aside quintus teaser teaser__related rs_skip rs_preserve\">\n<div class=\"teaser--article teaser--content\">\n<figure class=\"teaser--image\"><picture><source media=\"(max-width:935px)\" srcset=\"https:\/\/ekd.de\/ekd_de\/ds_img\/assets_1875_x\/20170928_Getty%20Images-iStockphoto-michele%20princigalli_Bevollmaechtigter_1875_rdax_625x352_60.jpg 1x, https:\/\/ekd.de\/ekd_de\/ds_img\/assets_1875_x\/20170928_Getty%20Images-iStockphoto-michele%20princigalli_Bevollmaechtigter_1875_rdax_1250x704_60.jpg 2x, https:\/\/ekd.de\/ekd_de\/ds_img\/assets_1875_x\/20170928_Getty%20Images-iStockphoto-michele%20princigalli_Bevollmaechtigter_1875_rdax_60.jpg 3x\"><source media=\"(min-width:934px)\" srcset=\"https:\/\/ekd.de\/ekd_de\/ds_img\/assets_1875_x\/20170928_Getty%20Images-iStockphoto-michele%20princigalli_Bevollmaechtigter_1875_rdax_360x203_70.jpg 1x, https:\/\/ekd.de\/ekd_de\/ds_img\/assets_1875_x\/20170928_Getty%20Images-iStockphoto-michele%20princigalli_Bevollmaechtigter_1875_rdax_720x406_70.jpg 2x, https:\/\/ekd.de\/ekd_de\/ds_img\/assets_1875_x\/20170928_Getty%20Images-iStockphoto-michele%20princigalli_Bevollmaechtigter_1875_rdax_1080x608_70.jpg 3x\"><\/source><\/source><\/picture><figcaption\/><\/figure>\n<p class=\"quintus--text teaser--text\">Er ist \u201eKirchendiplomat\u201c bei der Bundesrepublik Deutschland und der Europ\u00e4ischen Union, ein Vermittler zwischen Staat und Kirche und ein Seelsorger f\u00fcr Menschen in Politik und Verwaltung.<\/p>\n<\/p><\/div>\n<\/aside>\n<div class=\"article--content\">\n<p>Die Bundesregierung sollte das \u201eExperiment\u201c Anker-Zentren so bald als m\u00f6glich beenden \u201eund eine Erstaufnahme f\u00f6rdern, die Gefl\u00fcchteten ein gutes Ankommen erm\u00f6glicht\u201c, erkl\u00e4rte Dutzmann. Auch die Diakonie Deutschland fordert laut EKD gemeinsam mit zahlreichen anderen Wohlfahrtsverb\u00e4nden und Organisationen ein Ende der Anker-Zentren und eine zukunftsorientierte Erstaufnahme von Asylsuchenden in Deutschland.<\/p>\n<p>Der EKD-Bevollm\u00e4chtigte Dutzmann kritisierte: \u201eDiese Massenquartiere zerm\u00fcrben die Menschen. Ich bin davon \u00fcberzeugt, dass niemand, ohne Schaden zu nehmen, \u00fcber Monate oder sogar Jahre in solchen Unterk\u00fcnften leben kann.\u201c Oft seien die Unterk\u00fcnfte sehr abgelegen und der Zugang f\u00fcr ehrenamtliche Helferinnen und Helfer, Beratungsstellen und Rechtsanw\u00e4lte extrem schwierig. Zudem w\u00fcrden viele Kinder und Jugendliche in den Zentren nur ungen\u00fcgend beschult.<\/p>\n<p>Die ab 2018 eingerichteten \u201eAnker\u201c-Zentren sollten daf\u00fcr sorgen, dass Asylverfahren schneller abgewickelt werden. \u201eAnker\u201c steht f\u00fcr Ankunft, kommunale Verteilung, Entscheidung und R\u00fcckf\u00fchrung. Asylsuchende sollen dort bleiben, bis sie einen Aufenthaltsstatus haben oder nach Ablehnung des Asylantrags das Land verlassen. Laut einer Evaluation des Bundesamtes f\u00fcr Migration und Fl\u00fcchtlinge wurde die Verfahrensdauer durch die Zentren jedoch kaum beschleunigt.<\/p>\n<\/p><\/div>\n<\/div>\n<div id=\"\">\n<div class=\"article--downloads download\">\n<p><strong>\u201eErstaufnahme f\u00f6rdern, die gutes Ankommen erm\u00f6glicht&#8220;<\/strong><\/p>\n<\/p><\/div>\n<\/div>\n<div id=\"\">\n<hr\/>\n<h2>Dutzende Hilfsorganisationen fordern Abschaffung der Anker-Zentren<\/h2>\n<p>Berlin (epd). Hilfs- und Fl\u00fcchtlingsorganisationen fordern die Abschaffung der sogenannten Anker-Zentren und \u00e4hnlicher Einrichtungen. In einem gemeinsamen Aufruf bezeichnen Diakonie, Caritas, Parit\u00e4tischer Gesamtverband, Arbeiterwohlfahrt, Pro Asyl und rund 60 weitere Organisationen das Konzept als gescheitert, wie die Caritas am Donnerstag mitteilte. Die Erstaufnahme von Schutzsuchenden m\u00fcsse das Ankommen in den Mittelpunkt stellen und die Menschen bestm\u00f6glich auf das Asylverfahren und den Aufenthalt in Deutschland vorbereiten, \u201eund nicht sie irgendwo parken\u201c.<\/p>\n<p>Die Anker-Zentren sind 2018 eingerichtet worden, um Asylverfahren an einem Ort schneller abwickeln zu k\u00f6nnen. Ein vor wenigen Monaten ver\u00f6ffentlichter Evaluationsbericht des Bundesamtes f\u00fcr Migration und Fl\u00fcchtlinge (Bamf) zeigte aber, dass die Antr\u00e4ge dort nur unwesentlich schneller bearbeitet wurden. Anker steht f\u00fcr Ankunft, Entscheidung und R\u00fcckf\u00fchrung.<\/p>\n<p>In dem Aufruf hei\u00dft es weiter, dass die Bedingungen in diesen Zentren \u201eregelm\u00e4\u00dfig die W\u00fcrde und Rechte der dort untergebrachten Menschen\u201c verletzten. Denn sie h\u00e4tten kaum M\u00f6glichkeiten f\u00fcr ein selbst bestimmtes Leben &#8211; etwa dadurch, dass es dort Sachleistungen und kein Bargeld gebe.<\/p>\n<p>Die Unterzeichner fordern, die Unterbringung in einer Erstaufnahmeeinrichtung auf wenige Wochen, maximal drei Monate zu begrenzen. Aktuell m\u00fcssten Familien bis zu sechs Monate und Erwachsene ohne Kinder teilweise Jahre in diesen Zentren ausharren. Der neue Bundestag m\u00fcsse die gesetzlichen Voraussetzungen f\u00fcr eine neue Struktur schaffen.<\/p>\n<\/div>\n<div id=\"\">\n<div class=\"article--downloads download\">\n<p><strong>Aufruf f\u00fcr eine zukunftsorientierte Erstaufnahme von Asylsuchenden in Deutschland<\/strong><\/p>\n<\/p><\/div>\n<\/div>\n","protected":false},"excerpt":{"rendered":"<p>Hannover (epd). Die Evangelische Kirche in Deutschland (EKD) fordert ein m\u00f6glichst rasches Ende der sogenannten Anker-Zentren f\u00fcr Asylsuchende. Schutzsuchende Menschen<\/p>\n","protected":false},"author":1,"featured_media":3472,"comment_status":"closed","ping_status":"closed","sticky":false,"template":"","format":"standard","meta":{"footnotes":""},"categories":[20],"tags":[],"_links":{"self":[{"href":"https:\/\/krankenhauspfarramt.de\/index.php\/wp-json\/wp\/v2\/posts\/3471"}],"collection":[{"href":"https:\/\/krankenhauspfarramt.de\/index.php\/wp-json\/wp\/v2\/posts"}],"about":[{"href":"https:\/\/krankenhauspfarramt.de\/index.php\/wp-json\/wp\/v2\/types\/post"}],"author":[{"embeddable":true,"href":"https:\/\/krankenhauspfarramt.de\/index.php\/wp-json\/wp\/v2\/users\/1"}],"replies":[{"embeddable":true,"href":"https:\/\/krankenhauspfarramt.de\/index.php\/wp-json\/wp\/v2\/comments?post=3471"}],"version-history":[{"count":1,"href":"https:\/\/krankenhauspfarramt.de\/index.php\/wp-json\/wp\/v2\/posts\/3471\/revisions"}],"predecessor-version":[{"id":3473,"href":"https:\/\/krankenhauspfarramt.de\/index.php\/wp-json\/wp\/v2\/posts\/3471\/revisions\/3473"}],"wp:featuredmedia":[{"embeddable":true,"href":"https:\/\/krankenhauspfarramt.de\/index.php\/wp-json\/wp\/v2\/media\/3472"}],"wp:attachment":[{"href":"https:\/\/krankenhauspfarramt.de\/index.php\/wp-json\/wp\/v2\/media?parent=3471"}],"wp:term":[{"taxonomy":"category","embeddable":true,"href":"https:\/\/krankenhauspfarramt.de\/index.php\/wp-json\/wp\/v2\/categories?post=3471"},{"taxonomy":"post_tag","embeddable":true,"href":"https:\/\/krankenhauspfarramt.de\/index.php\/wp-json\/wp\/v2\/tags?post=3471"}],"curies":[{"name":"wp","href":"https:\/\/api.w.org\/{rel}","templated":true}]}}