{"id":3477,"date":"2021-07-30T10:53:30","date_gmt":"2021-07-30T10:53:30","guid":{"rendered":"https:\/\/krankenhauspfarramt.de\/index.php\/2021\/07\/30\/hochwasseropfer-erhalten-bereits-bargeld-als-soforthilfe-ekd\/"},"modified":"2021-07-30T10:53:32","modified_gmt":"2021-07-30T10:53:32","slug":"hochwasseropfer-erhalten-bereits-bargeld-als-soforthilfe-ekd","status":"publish","type":"post","link":"https:\/\/krankenhauspfarramt.de\/index.php\/2021\/07\/30\/hochwasseropfer-erhalten-bereits-bargeld-als-soforthilfe-ekd\/","title":{"rendered":"Hochwasseropfer erhalten bereits Bargeld als Soforthilfe \u2013 EKD"},"content":{"rendered":"<p> <br \/>\n<\/p>\n<div>\n<p>\u201eBislang haben wir Soforthilfen in einem sechsstelligen Bereich ausgezahlt\u201c, erl\u00e4uterte Siemens-Weibring. Pro Einrichtung seien 30.000 Euro zur Weitergabe an Bed\u00fcrftige m\u00f6glich, Haushalte k\u00f6nnten bis zu 1.500 Euro in bar erhalten. Vereinfachte Antr\u00e4ge seien zun\u00e4chst bis Ende Oktober m\u00f6glich. \u201eSobald es nicht mehr um akute Nothilfe geht, sondern um den Wiederaufbau, werden wir jedoch aufwendiger pr\u00fcfen m\u00fcssen\u201c, betonte die Diakonie-Mitarbeiterin: \u201eDas sind wir den Spendern schuldig.\u201c<\/p>\n<p>Aktuell sei bei der Weitergabe der Spenden die teils schlechte Erreichbarkeit der Menschen ein gro\u00dfes Problem. \u201eDeshalb sind wir sehr auf die Einrichtungen und Gemeinden vor Ort angewiesen, die im direkten Kontakt zu den Betroffenen stehen\u201c, sagte Siemens-Weibring. Auch gebe es noch viele weitere logistische Probleme: \u201eInsgesamt haben die Sachspenden die Orte dennoch relativ gut erreicht, auch weil es eine \u00fcberw\u00e4ltigende Anzahl an freiwilligen Helfern gibt.\u201c<\/p>\n<p style=\"text-align:right\"><em>epd-Gespr\u00e4ch: Lynn Osselmann<\/em><\/p>\n<\/p><\/div>\n","protected":false},"excerpt":{"rendered":"<p>\u201eBislang haben wir Soforthilfen in einem sechsstelligen Bereich ausgezahlt\u201c, erl\u00e4uterte Siemens-Weibring. Pro Einrichtung seien 30.000 Euro zur Weitergabe an Bed\u00fcrftige<\/p>\n","protected":false},"author":1,"featured_media":3478,"comment_status":"closed","ping_status":"closed","sticky":false,"template":"","format":"standard","meta":{"footnotes":""},"categories":[20],"tags":[],"_links":{"self":[{"href":"https:\/\/krankenhauspfarramt.de\/index.php\/wp-json\/wp\/v2\/posts\/3477"}],"collection":[{"href":"https:\/\/krankenhauspfarramt.de\/index.php\/wp-json\/wp\/v2\/posts"}],"about":[{"href":"https:\/\/krankenhauspfarramt.de\/index.php\/wp-json\/wp\/v2\/types\/post"}],"author":[{"embeddable":true,"href":"https:\/\/krankenhauspfarramt.de\/index.php\/wp-json\/wp\/v2\/users\/1"}],"replies":[{"embeddable":true,"href":"https:\/\/krankenhauspfarramt.de\/index.php\/wp-json\/wp\/v2\/comments?post=3477"}],"version-history":[{"count":1,"href":"https:\/\/krankenhauspfarramt.de\/index.php\/wp-json\/wp\/v2\/posts\/3477\/revisions"}],"predecessor-version":[{"id":3479,"href":"https:\/\/krankenhauspfarramt.de\/index.php\/wp-json\/wp\/v2\/posts\/3477\/revisions\/3479"}],"wp:featuredmedia":[{"embeddable":true,"href":"https:\/\/krankenhauspfarramt.de\/index.php\/wp-json\/wp\/v2\/media\/3478"}],"wp:attachment":[{"href":"https:\/\/krankenhauspfarramt.de\/index.php\/wp-json\/wp\/v2\/media?parent=3477"}],"wp:term":[{"taxonomy":"category","embeddable":true,"href":"https:\/\/krankenhauspfarramt.de\/index.php\/wp-json\/wp\/v2\/categories?post=3477"},{"taxonomy":"post_tag","embeddable":true,"href":"https:\/\/krankenhauspfarramt.de\/index.php\/wp-json\/wp\/v2\/tags?post=3477"}],"curies":[{"name":"wp","href":"https:\/\/api.w.org\/{rel}","templated":true}]}}