{"id":3480,"date":"2021-08-02T12:43:21","date_gmt":"2021-08-02T12:43:21","guid":{"rendered":"https:\/\/krankenhauspfarramt.de\/index.php\/2021\/08\/02\/eine-kirchengemeinde-mit-langem-atem-ekd\/"},"modified":"2021-08-02T12:43:23","modified_gmt":"2021-08-02T12:43:23","slug":"eine-kirchengemeinde-mit-langem-atem-ekd","status":"publish","type":"post","link":"https:\/\/krankenhauspfarramt.de\/index.php\/2021\/08\/02\/eine-kirchengemeinde-mit-langem-atem-ekd\/","title":{"rendered":"Eine Kirchengemeinde mit langem Atem \u2013 EKD"},"content":{"rendered":"<p> <br \/>\n<\/p>\n<div id=\"\">\n<div class=\"article--meta article--meta__border clearfix\">\n<p>                                    <time datetime=\"02.08.2021 11:00\" class=\"article--time\">02.08.2021<\/time><strong class=\"article--type primus--overline\">Pressemitteilung<\/strong><\/p>\n<picture class=\"article--source-image image\"><source srcset=\"https:\/\/ekd.de\/ekd_de\/ds_img\/assets\/20170622_ekd-Quellenlogo_141_rdax_423x118.png\"><!--<source srcset=\"\/ekd_de\/ds_img\/assets\/20170622_ekd-Quellenlogo_141_rdax_141x39.png 1x, \/ekd_de\/ds_img\/assets\/20170622_ekd-Quellenlogo_141_rdax_282x78.png 2x, https:\/\/ekd.de\/ekd_de\/ds_img\/assets\/20170622_ekd-Quellenlogo_141_rdax_423x118.png 3x\">--><\/source><\/picture>\n<\/p><\/div>\n<h2 class=\"article--sub-headline primus--sub-headline\">Ehemalige Gutskirche in Bebertal-D\u00f6nstedt ist \u201eKiBa-Kirche des Monats August 2021\u201c<\/h2>\n<\/p><\/div>\n<div id=\"\">\n<p>In Bebertal-D\u00f6nstedt \u2013 heute Bebertal I \u2013 in der Gemeinde Hohe B\u00f6rde wird Engagement gro\u00dfgeschrieben. Davon zeugt die j\u00fcngere Geschichte der ehemaligen Gutskirche derer von Schenk in D\u00f6nstedt. Der am Waldrand gelegene fr\u00fchbarocke Bau wurde bereits vor mehr als 40 Jahren f\u00fcr die Gottesdienstnutzung aufgegeben und ist in entsprechend schlechtem Zustand \u2013 der romanische Westturm ist akut einsturzgef\u00e4hrdet und darf seit Jahren nicht betreten werden, die Kirchenglocken m\u00fcssen stumm bleiben. Mit diesem Zustand wollte sich die Kirchengemeinde aber bereits in den 1970er-Jahren nicht zufriedengeben. Schon kurz nach der Schlie\u00dfung hatte die Gemeinde selbst einen Sanierungsversuch initiiert, der nach kurzer Zeit an den damaligen Zust\u00e4nden in der DDR scheiterte und nur zur Entfernung der bis heute verschollenen Kirchenb\u00e4nke reichte. Seither blieben das Kirchenschiff von 1597 und der anschlie\u00dfende Glockenturm nahezu unber\u00fchrt. Das so bewahrte seltene Bild eines stark sanierungsbed\u00fcrftigen, aber authentischen Kircheninnenraums aus der Hochphase seiner Nutzung in der Barockzeit wird nur durch die umgestaltete Herrschaftsloge an der Nordseite unterbrochen. Auch deren Verwandlung hatte die Gemeinde selbst in einer gemeinsamen ehrenamtlichen Aktion zwischen 2003 und 2004 durchgesetzt.<\/p>\n<p>Bis heute lassen Initiative und Engagement nicht nach, sodass neben ehrenamtlichen Kirchgarten- und Friedhofss\u00e4uberungen seit einigen Jahren auch Jagdhornbl\u00e4serproben, Konzerte und die j\u00e4hrliche Hubertusmesse wieder in der Gutskirche stattfinden. Auch die Gr\u00fcndung eines F\u00f6rdervereins ist schon lange in Planung. Doch Wille und Initiative allein reichen f\u00fcr die Rettung des schwer bauf\u00e4lligen Kleinods nicht aus \u2013 der finanzielle Aufwand f\u00fcr eine vollst\u00e4ndige Sanierung ist von der kleinen Kirchengemeinde nicht zu stemmen. Und obwohl die KiBa mit einer F\u00f6rdersumme von 15.000 \u20ac Anschub geleistet hat, fehlt von den ben\u00f6tigten ca. 270.000 \u20ac weiterhin mehr als die H\u00e4lfte, um mit dem ersten der drei Bauabschnitte, der Turmsicherung, beginnen zu k\u00f6nnen. Mit gerade einmal 290 Mitgliedern aus den ehemaligen Gemeinden D\u00f6nstedt und Alvensleben muss die Kirchengemeinde drei stattliche historische Kirchengeb\u00e4ude unterhalten. Mit vereinten Kr\u00e4ften und enormem, auch finanziellen Einsatz ist die Sanierung der ersten der drei Kirchen, der barocken Kirche St. Godeberti, inzwischen gelungen.<\/p>\n<p><em>Die Stiftung zur Bewahrung kirchlicher Baudenkm\u00e4ler in Deutschland (Stiftung KiBa) ist eine Stiftung der EKD und der evangelischen Landeskirchen. Seit 1999 hat sie Zusagen f\u00fcr Sanierungsvorhaben in H\u00f6he von 33,9 Millionen Euro geben k\u00f6nnen. F\u00fcr dieses Jahr hat die KiBa F\u00f6rderzusagen \u00fcber rund 1,2 Millionen Euro vorgesehen. Mehr als 3.800 Mitglieder engagieren sich bundesweit im \u201eF\u00f6rderverein der Stiftung KiBa e. V.\u201c Weitere Informationen unter <\/em><em>www.stiftung-kiba.de<\/em><\/p>\n<p class=\"EKDFlietext\">Hannover, 2. August 2021<\/p>\n<p>Pressestelle der EKD<\/p>\n<\/div>\n","protected":false},"excerpt":{"rendered":"<p>02.08.2021Pressemitteilung Ehemalige Gutskirche in Bebertal-D\u00f6nstedt ist \u201eKiBa-Kirche des Monats August 2021\u201c In Bebertal-D\u00f6nstedt \u2013 heute Bebertal I \u2013 in der<\/p>\n","protected":false},"author":1,"featured_media":3481,"comment_status":"closed","ping_status":"closed","sticky":false,"template":"","format":"standard","meta":{"footnotes":""},"categories":[20],"tags":[],"_links":{"self":[{"href":"https:\/\/krankenhauspfarramt.de\/index.php\/wp-json\/wp\/v2\/posts\/3480"}],"collection":[{"href":"https:\/\/krankenhauspfarramt.de\/index.php\/wp-json\/wp\/v2\/posts"}],"about":[{"href":"https:\/\/krankenhauspfarramt.de\/index.php\/wp-json\/wp\/v2\/types\/post"}],"author":[{"embeddable":true,"href":"https:\/\/krankenhauspfarramt.de\/index.php\/wp-json\/wp\/v2\/users\/1"}],"replies":[{"embeddable":true,"href":"https:\/\/krankenhauspfarramt.de\/index.php\/wp-json\/wp\/v2\/comments?post=3480"}],"version-history":[{"count":1,"href":"https:\/\/krankenhauspfarramt.de\/index.php\/wp-json\/wp\/v2\/posts\/3480\/revisions"}],"predecessor-version":[{"id":3482,"href":"https:\/\/krankenhauspfarramt.de\/index.php\/wp-json\/wp\/v2\/posts\/3480\/revisions\/3482"}],"wp:featuredmedia":[{"embeddable":true,"href":"https:\/\/krankenhauspfarramt.de\/index.php\/wp-json\/wp\/v2\/media\/3481"}],"wp:attachment":[{"href":"https:\/\/krankenhauspfarramt.de\/index.php\/wp-json\/wp\/v2\/media?parent=3480"}],"wp:term":[{"taxonomy":"category","embeddable":true,"href":"https:\/\/krankenhauspfarramt.de\/index.php\/wp-json\/wp\/v2\/categories?post=3480"},{"taxonomy":"post_tag","embeddable":true,"href":"https:\/\/krankenhauspfarramt.de\/index.php\/wp-json\/wp\/v2\/tags?post=3480"}],"curies":[{"name":"wp","href":"https:\/\/api.w.org\/{rel}","templated":true}]}}