{"id":3483,"date":"2021-08-05T18:15:34","date_gmt":"2021-08-05T18:15:34","guid":{"rendered":"https:\/\/krankenhauspfarramt.de\/index.php\/2021\/08\/05\/the-preacher-and-the-teacher-ekd\/"},"modified":"2021-08-05T18:15:38","modified_gmt":"2021-08-05T18:15:38","slug":"the-preacher-and-the-teacher-ekd","status":"publish","type":"post","link":"https:\/\/krankenhauspfarramt.de\/index.php\/2021\/08\/05\/the-preacher-and-the-teacher-ekd\/","title":{"rendered":"The Preacher and the Teacher \u2013 EKD"},"content":{"rendered":"<p> <br \/>\n<\/p>\n<div id=\"\">\n<p>\u201eThe Preacher and the Teacher\u201c ist ein Podcast \u00fcber Themen des Alltags und des Glaubens, der sich humorvoll und authentisch t\u00e4glichen Fragen stellt. Auf Instagram k\u00f6nnen die Zuh\u00f6rer*innen den Podcast mitverfolgen und Fragen stellen. Die Moderator*innen Steve Henkel (THE PREACHER), ein Ev. Pfarrer, und Annkathrin Kieninger (THE TEACHER), eine Lehramtsstudentin, bringen sich mit ihrer Leidenschaft f\u00fcr Mitmenschen und ihren Glauben ein. Hier wird Glaube in einer greifbaren und alltagsgerechten Sprache diskutiert. Sozusagen \u201eDaily Shit &amp; Holy Stuff\u201c oder kurz: \u201eHoly Shit\u201c.<br \/>Zielgruppe des Podcasts sind ehemalige Kirchennahe und s\u00e4kulare Personen zwischen 18 und 35 Jahren, die sich eher kirchenfern bewegen, aber f\u00fcr Spiritualit\u00e4t und moralische Fragen offen sind.<br \/>F\u00fcr besondere Themen werden G\u00e4ste als Expert*innen einladen.<\/p>\n<p>Das Projekt wurde mit rund 700 Euro vom Digitalinnovationsfonds gef\u00f6rdert.<\/p>\n<p>Hier stellen sie ihr Projekt selbst vor. Und hier geht es zum Podcast.<br \/>\u00a0<\/p>\n<\/div>\n","protected":false},"excerpt":{"rendered":"<p>\u201eThe Preacher and the Teacher\u201c ist ein Podcast \u00fcber Themen des Alltags und des Glaubens, der sich humorvoll und authentisch<\/p>\n","protected":false},"author":1,"featured_media":3484,"comment_status":"closed","ping_status":"closed","sticky":false,"template":"","format":"standard","meta":{"footnotes":""},"categories":[20],"tags":[],"_links":{"self":[{"href":"https:\/\/krankenhauspfarramt.de\/index.php\/wp-json\/wp\/v2\/posts\/3483"}],"collection":[{"href":"https:\/\/krankenhauspfarramt.de\/index.php\/wp-json\/wp\/v2\/posts"}],"about":[{"href":"https:\/\/krankenhauspfarramt.de\/index.php\/wp-json\/wp\/v2\/types\/post"}],"author":[{"embeddable":true,"href":"https:\/\/krankenhauspfarramt.de\/index.php\/wp-json\/wp\/v2\/users\/1"}],"replies":[{"embeddable":true,"href":"https:\/\/krankenhauspfarramt.de\/index.php\/wp-json\/wp\/v2\/comments?post=3483"}],"version-history":[{"count":1,"href":"https:\/\/krankenhauspfarramt.de\/index.php\/wp-json\/wp\/v2\/posts\/3483\/revisions"}],"predecessor-version":[{"id":3485,"href":"https:\/\/krankenhauspfarramt.de\/index.php\/wp-json\/wp\/v2\/posts\/3483\/revisions\/3485"}],"wp:featuredmedia":[{"embeddable":true,"href":"https:\/\/krankenhauspfarramt.de\/index.php\/wp-json\/wp\/v2\/media\/3484"}],"wp:attachment":[{"href":"https:\/\/krankenhauspfarramt.de\/index.php\/wp-json\/wp\/v2\/media?parent=3483"}],"wp:term":[{"taxonomy":"category","embeddable":true,"href":"https:\/\/krankenhauspfarramt.de\/index.php\/wp-json\/wp\/v2\/categories?post=3483"},{"taxonomy":"post_tag","embeddable":true,"href":"https:\/\/krankenhauspfarramt.de\/index.php\/wp-json\/wp\/v2\/tags?post=3483"}],"curies":[{"name":"wp","href":"https:\/\/api.w.org\/{rel}","templated":true}]}}