{"id":3486,"date":"2021-08-05T22:18:35","date_gmt":"2021-08-05T22:18:35","guid":{"rendered":"https:\/\/krankenhauspfarramt.de\/index.php\/2021\/08\/05\/anders-amen-ekd\/"},"modified":"2021-08-05T22:18:39","modified_gmt":"2021-08-05T22:18:39","slug":"anders-amen-ekd","status":"publish","type":"post","link":"https:\/\/krankenhauspfarramt.de\/index.php\/2021\/08\/05\/anders-amen-ekd\/","title":{"rendered":"Anders Amen \u2013 EKD"},"content":{"rendered":"<p> <br \/>\n<\/p>\n<div>\n<p>&#8222;Gottes Liebe ist so wunderbar, Gottes ist Liebe ist so wunderbar, sooooo wunderbar gro\u00df!\u201c &#8211;\u00a0jedes in der Kirche konfirmierte oder zumindest sozialisierte Kind kommt an diesem Lied nicht vorbei und musste sicher auch schonmal die Arme weit ausbreiten um zu zeigen, wie gro\u00df diese Liebe denn sei.<\/p>\n<\/p><\/div>\n<div id=\"\">\n<p>Sp\u00e4testens ab der Pubert\u00e4t wird diese Kinderkirchenwahrheit dann aber manchmal zur Farce. Zumindest f\u00fcr die Menschen, die sp\u00fcren, dass sie anders sind. Die entdecken und f\u00fchlen, dass sie nicht \u201ecis\u201c sind &#8211; sonder trans, inter, lesbisch, schwul, pan etc. oder einfach queer. Auf einmal wird aus der alles umfassenden Armbewegung zu Gottes gro\u00dfer Liebe dann ein ziemlich eindeutiges Stop-Zeichen. Gerade innerhalb der (christlichen) Familien aber auch im kirchlichen Umfeld, in dem die Liebe Gottes allsonnt\u00e4glich besungen wird, erleben queere Menschen h\u00e4ufig Ablehnung. Dies f\u00fchrt oft zu Sinnkrisen, zu Angst bis zum Verlust des Glaubens. Ellen und Steffi Radtke sind anders. Denn sie entsprechen nicht der Norm \u2014 und leben gleichzeitig \u201enormaler\u201c als viele andere. Die beiden Pfarrerinnen sind verheiratet. Miteinander. Steffi ist Dorfpastorin, Ellen hat eine Stelle bei der Landeskirche in der Landeshauptstadt. F\u00fcr beide ist ihr queer-sein absolut normal, so normal, dass sie es manchmal einfach vergessen. Und das leben die beiden. Und das geben die beiden auf ihrem YouTube-Kanal weiter.<\/p>\n<p style=\"margin-bottom:8pt; margin-left:0cm; margin-right:0cm; margin-top:0cm\"><span style=\"line-height:107%\">Das Projekt wurde mit rund 2.000 Euro vom Digitalinnovationsfonds gef\u00f6rdert.<\/span><\/p>\n<p style=\"margin-bottom:8pt; margin-left:0cm; margin-right:0cm; margin-top:0cm\"><span style=\"line-height:107%\">Hier geht\u2019s zum Kanal.<\/span><\/p>\n<p style=\"margin-bottom:8pt; margin-left:0cm; margin-right:0cm; margin-top:0cm\">\u00a0<\/p>\n<\/div>\n","protected":false},"excerpt":{"rendered":"<p>&#8222;Gottes Liebe ist so wunderbar, Gottes ist Liebe ist so wunderbar, sooooo wunderbar gro\u00df!\u201c &#8211;\u00a0jedes in der Kirche konfirmierte oder<\/p>\n","protected":false},"author":1,"featured_media":3487,"comment_status":"closed","ping_status":"closed","sticky":false,"template":"","format":"standard","meta":{"footnotes":""},"categories":[20],"tags":[],"_links":{"self":[{"href":"https:\/\/krankenhauspfarramt.de\/index.php\/wp-json\/wp\/v2\/posts\/3486"}],"collection":[{"href":"https:\/\/krankenhauspfarramt.de\/index.php\/wp-json\/wp\/v2\/posts"}],"about":[{"href":"https:\/\/krankenhauspfarramt.de\/index.php\/wp-json\/wp\/v2\/types\/post"}],"author":[{"embeddable":true,"href":"https:\/\/krankenhauspfarramt.de\/index.php\/wp-json\/wp\/v2\/users\/1"}],"replies":[{"embeddable":true,"href":"https:\/\/krankenhauspfarramt.de\/index.php\/wp-json\/wp\/v2\/comments?post=3486"}],"version-history":[{"count":1,"href":"https:\/\/krankenhauspfarramt.de\/index.php\/wp-json\/wp\/v2\/posts\/3486\/revisions"}],"predecessor-version":[{"id":3488,"href":"https:\/\/krankenhauspfarramt.de\/index.php\/wp-json\/wp\/v2\/posts\/3486\/revisions\/3488"}],"wp:featuredmedia":[{"embeddable":true,"href":"https:\/\/krankenhauspfarramt.de\/index.php\/wp-json\/wp\/v2\/media\/3487"}],"wp:attachment":[{"href":"https:\/\/krankenhauspfarramt.de\/index.php\/wp-json\/wp\/v2\/media?parent=3486"}],"wp:term":[{"taxonomy":"category","embeddable":true,"href":"https:\/\/krankenhauspfarramt.de\/index.php\/wp-json\/wp\/v2\/categories?post=3486"},{"taxonomy":"post_tag","embeddable":true,"href":"https:\/\/krankenhauspfarramt.de\/index.php\/wp-json\/wp\/v2\/tags?post=3486"}],"curies":[{"name":"wp","href":"https:\/\/api.w.org\/{rel}","templated":true}]}}