{"id":3498,"date":"2021-08-10T11:29:38","date_gmt":"2021-08-10T11:29:38","guid":{"rendered":"https:\/\/krankenhauspfarramt.de\/index.php\/2021\/08\/10\/diakonie-startet-sozial-o-mat-ekd\/"},"modified":"2021-08-10T11:29:40","modified_gmt":"2021-08-10T11:29:40","slug":"diakonie-startet-sozial-o-mat-ekd","status":"publish","type":"post","link":"https:\/\/krankenhauspfarramt.de\/index.php\/2021\/08\/10\/diakonie-startet-sozial-o-mat-ekd\/","title":{"rendered":"Diakonie startet \u201eSozial-O-Mat\u201c \u2013 EKD"},"content":{"rendered":"<p> <br \/>\n<\/p>\n<div>\n<p>Wie schon zur Bundestagswahl 2017 und zur Europawahl 2019 werden unter www.sozial-o-mat.de die programmatischen Aussagen der im Bundestag vertretenen Parteien zu den Themen Arbeit, Gesundheit, Familie und Kinder, Migration in den Blick genommen. Nutzerinnen und Nutzer k\u00f6nnen den Angaben zufolge 20 Thesen mit \u201estimme zu\u201c, \u201estimme nicht zu\u201c, \u201eneutral\u201c oder \u201eThese \u00fcberspringen\u201c bewerten und mit den Positionen von CDU\/CSU, SPD, Gr\u00fcnen, Die Linke, FDP und AfD abgleichen. Dabei wird der Grad der \u00dcbereinstimmung mit den Antworten der Parteien errechnet.<\/p>\n<p>\u201eNur wer w\u00e4hlt, entscheidet mit \u00fcber unsere gemeinsame Zukunft in Deutschland\u201c, betonte Diakonie-Chef Lilie: \u201eDabei kommt gerade den Weichenstellungen in der Sozial- und Gesundheitspolitik eine herausragende Bedeutung zu, nicht zuletzt vor dem Hintergrund der Belastungen durch die Corona-Pandemie.\u201c Es gehe um die Frage, wie soziale Teilhabe aller gelingen und der gesellschaftliche Wandel gestaltet werden k\u00f6nne.<\/p>\n<p>Der \u201eSozial-O-Mat\u201c biete hier f\u00fcr W\u00e4hler erste Orientierung, erkl\u00e4rte Lilie. Als Instrument der politischen Bildung eigne sich das Angebot auch als guter Ausgangspunkt f\u00fcr lebendige politische Diskussionen zum Beispiel in Schulen, Vereinen oder Kirchengemeinden. Das Tool ist parteipolitisch neutral, eine zentrale Auswertung der Ergebnisse erfolgt nicht, wie es hie\u00df.<\/p>\n<\/p><\/div>\n","protected":false},"excerpt":{"rendered":"<p>Wie schon zur Bundestagswahl 2017 und zur Europawahl 2019 werden unter www.sozial-o-mat.de die programmatischen Aussagen der im Bundestag vertretenen Parteien<\/p>\n","protected":false},"author":1,"featured_media":3499,"comment_status":"closed","ping_status":"closed","sticky":false,"template":"","format":"standard","meta":{"footnotes":""},"categories":[20],"tags":[],"_links":{"self":[{"href":"https:\/\/krankenhauspfarramt.de\/index.php\/wp-json\/wp\/v2\/posts\/3498"}],"collection":[{"href":"https:\/\/krankenhauspfarramt.de\/index.php\/wp-json\/wp\/v2\/posts"}],"about":[{"href":"https:\/\/krankenhauspfarramt.de\/index.php\/wp-json\/wp\/v2\/types\/post"}],"author":[{"embeddable":true,"href":"https:\/\/krankenhauspfarramt.de\/index.php\/wp-json\/wp\/v2\/users\/1"}],"replies":[{"embeddable":true,"href":"https:\/\/krankenhauspfarramt.de\/index.php\/wp-json\/wp\/v2\/comments?post=3498"}],"version-history":[{"count":1,"href":"https:\/\/krankenhauspfarramt.de\/index.php\/wp-json\/wp\/v2\/posts\/3498\/revisions"}],"predecessor-version":[{"id":3500,"href":"https:\/\/krankenhauspfarramt.de\/index.php\/wp-json\/wp\/v2\/posts\/3498\/revisions\/3500"}],"wp:featuredmedia":[{"embeddable":true,"href":"https:\/\/krankenhauspfarramt.de\/index.php\/wp-json\/wp\/v2\/media\/3499"}],"wp:attachment":[{"href":"https:\/\/krankenhauspfarramt.de\/index.php\/wp-json\/wp\/v2\/media?parent=3498"}],"wp:term":[{"taxonomy":"category","embeddable":true,"href":"https:\/\/krankenhauspfarramt.de\/index.php\/wp-json\/wp\/v2\/categories?post=3498"},{"taxonomy":"post_tag","embeddable":true,"href":"https:\/\/krankenhauspfarramt.de\/index.php\/wp-json\/wp\/v2\/tags?post=3498"}],"curies":[{"name":"wp","href":"https:\/\/api.w.org\/{rel}","templated":true}]}}