{"id":3501,"date":"2021-08-10T15:31:32","date_gmt":"2021-08-10T15:31:32","guid":{"rendered":"https:\/\/krankenhauspfarramt.de\/index.php\/2021\/08\/10\/hier-ist-die-nora-mit-der-zeitlupe-ekd\/"},"modified":"2021-08-10T15:31:34","modified_gmt":"2021-08-10T15:31:34","slug":"hier-ist-die-nora-mit-der-zeitlupe-ekd","status":"publish","type":"post","link":"https:\/\/krankenhauspfarramt.de\/index.php\/2021\/08\/10\/hier-ist-die-nora-mit-der-zeitlupe-ekd\/","title":{"rendered":"\u201eHier ist die Nora mit der Zeitlupe\u201c \u2013 EKD"},"content":{"rendered":"<p> <br \/>\n<\/p>\n<div id=\"\">\n<p>Grumbach. Wenn Kinder die paar Takte Klaviermusik h\u00f6ren, dann wissen sie schon, dass sie sich wieder auf eine der Geschichten von Nora Henker freuen k\u00f6nnen. \u201eHier ist die Nora mit der Zeitlupe\u201c, hei\u00dft es dann. \u201eDem Geschichten-Podcast zum Sehen und H\u00f6ren.\u201c Und die Kinder wissen, dass sie in den kommenden zehn bis 15 Minuten wieder eine historische Pers\u00f6nlichkeit kennenlernen.<\/p>\n<p>\u201eAnfangs habe ich einfach drauf losgeredet\u201c, erz\u00e4hlt die Gemeindep\u00e4dagogin. Die damalige Mitarbeiterin der Kirchengemeinde Wilsdruffer Land, Evangelisch-Lutherische Landeskirche Sachsens, wollte im Fr\u00fchjahr 2020 Kontakt halten, als die Kinderkirche wochenlang wegen der Corona-Pandemie ausfallen musste. Daraufhin habe sie viel positive Resonanz erhalten. \u201eViele Eltern waren so dankbar. Das hat mich motiviert, weiter zu machen\u201c, sagt die 40-J\u00e4hrige. \u201eDamals wusste ja auch niemand, wie es mit der Pandemie weitergehen w\u00fcrde.\u201c<\/p>\n<p>Nachts, wenn ihr Mann und ihre drei Kinder schliefen, habe sie recherchiert und ihre Geschichten aufgeschrieben. \u201eIch wollte den Kindern hoffnungsvolle Geschichten erz\u00e4hlen und ihnen Mut machen. Ich war ein bisschen wie in einem Rausch.\u201c W\u00e4hrend des ersten Lockdowns entwickelte sie 18 Folgen.<\/p>\n<\/div>\n<div id=\"\"><!-- SRC:  --><\/p>\n<aside class=\"article--aside quintus teaser teaser__related rs_skip rs_preserve\">\n<div class=\"teaser--article teaser--content\">\n<figure class=\"teaser--image\"><picture><source media=\"(max-width:935px)\" srcset=\"https:\/\/ekd.de\/ekd_de\/ds_img\/assets_1875_x\/20180322_Thinkstock_thanasus_smartphone_1875_rdax_625x352_60.jpg 1x, https:\/\/ekd.de\/ekd_de\/ds_img\/assets_1875_x\/20180322_Thinkstock_thanasus_smartphone_1875_rdax_1250x704_60.jpg 2x, https:\/\/ekd.de\/ekd_de\/ds_img\/assets_1875_x\/20180322_Thinkstock_thanasus_smartphone_1875_rdax_60.jpg 3x\"><source media=\"(min-width:934px)\" srcset=\"https:\/\/ekd.de\/ekd_de\/ds_img\/assets_1875_x\/20180322_Thinkstock_thanasus_smartphone_1875_rdax_360x203_70.jpg 1x, https:\/\/ekd.de\/ekd_de\/ds_img\/assets_1875_x\/20180322_Thinkstock_thanasus_smartphone_1875_rdax_720x406_70.jpg 2x, https:\/\/ekd.de\/ekd_de\/ds_img\/assets_1875_x\/20180322_Thinkstock_thanasus_smartphone_1875_rdax_1080x608_70.jpg 3x\"><\/source><\/source><\/picture><figcaption\/><\/figure>\n<p class=\"quintus--text teaser--text\">Die Digitalisierung ist eine Daueraufgabe f\u00fcr die Evangelische Kirche \u2013 in allen Bereichen und auf vielen Ebenen. Die Stabsstelle Digitalisierung vernetzt und f\u00f6rdert Digitalisierung in den Gliedkirchen, sie greift Impulse von Ehrenamtlichen, Gemeinden und Institutionen auf und gibt eigene Impulse. Hier finden Sie Themen und Reflexionen zum Mega-Trend Digitalisierung!<\/p>\n<\/p><\/div>\n<\/aside>\n<div class=\"article--content\">\n<p>Die Gemeindep\u00e4dagogin wollte den Kindern erkl\u00e4ren, warum es jetzt wichtig ist, sich die H\u00e4nde zu waschen und Abstand zu halten. Sie erz\u00e4hlte von Florence Nightingale\u00a0und Elisabeth von Th\u00fcringen, die sich beide f\u00fcr kranke Menschen eingesetzt haben. Aber auch andere Pers\u00f6nlichkeiten wie den s\u00fcdafrikanischen Bischof Desmond Tutu\u00a0stellte sie vor. \u201eEs geht immer um Menschen, die mich beeindruckt haben.\u201c Sie wolle diese Werte vermitteln: \u201eWenn die Kinder mir jetzt ihre ganze Aufmerksamkeit schenken, dann muss ich die Gelegenheit nutzen, um ihnen etwas zum Thema Menschlichkeit und f\u00fcr den Kampf gegen Rassismus mit zu geben.\u201c<\/p>\n<p>Die Geschichten leben von den Erfahrungen einer dreifachen Mutter und Gemeindep\u00e4dagogin. Denn es w\u00e4ren keine Geschichten f\u00fcr Kinder, wenn Nora Henker nicht immer einen Zugang finden w\u00fcrde, der die jungen Zuh\u00f6rer direkt mitnehmen und ansprechen w\u00fcrde. \u201eIch versuche, mich auf die Situation der Kinder einzulassen, und ich suche nach etwas Lustigem. Bei Albert Schweitzer hat es besonders viel Spa\u00df gemacht, denn er hatte das Schweinchen Josefine bei sich aufgenommen, das von Moskitos geplagt war.\u201c\u00a0<\/p>\n<\/p><\/div>\n<\/div>\n<div id=\"\">\n<p>Es sind diese kleinen Details, auf die Nora Henker bei ihren Erz\u00e4hlungen achtet. \u201eIch f\u00fchle mich in die Atmosph\u00e4re rein und versuche mir zum Beispiel vorzustellen, wie es riecht. Das hilft mir, anschaulich zu erz\u00e4hlen.\u201c<\/p>\n<p>Dass aus dem Geschichten-Podcast seit Herbst 2020 nach und nach zum Multimedia-Projekt \u201eZeitlupe\u201c wurde, hat Nora Henker nicht nur ihrem Sohn zu verdanken. \u201eEr hatte mich anfangs ermahnt, mich beim Zusammenschneiden der Geschichten mehr anzustrengen\u201c, schmunzelt Henker. \u00a0Und schlie\u00dflich habe sie eine Freundin mit einem geh\u00f6rlosen Kind ermuntert, aus dem Geschichten-Podcast ein inklusives Angebot zu machen. \u201eSie beklagte sich, dass es kaum geb\u00e4rdensprachliche Angebote f\u00fcr Kinder im Bereich Religion und religi\u00f6ser Bildung gibt.\u201c Das habe Nora Henker nachdenklich gemacht.<\/p>\n<p>Doch Videos mit einer Geb\u00e4rdendolmetscherin, die den gesprochenen Text durch Gesten sichtbar machte, waren Nora Henker zu wenig. \u201eIch wollte es richtig machen und fragte eine K\u00fcnstlerin, ob sie meine Geschichten illustrieren k\u00f6nnte. Als sie zusagte, ging f\u00fcr mich eine T\u00fcr auf. Es f\u00fchlte sich wie F\u00fcgung an.\u201c<\/p>\n<p>Die Evangelische Kirche in Deutschland (EKD), die Landeskirche Sachsens und der Verein \u201eAndere Zeiten\u201c gaben Zusch\u00fcsse, so dass auch ein Designer beteiligt werden konnte, der die Homepage\u00a0gestaltete. Ein Video-Editor unterst\u00fctzte sie beim Schnitt der Videos, ein weiterer Illustrator gesellte sich ebenfalls dazu. \u201eIch habe ein tolles Team zusammen. Es sind Profis, die ein Herz f\u00fcr dieses Projekt haben.\u201c<\/p>\n<p>Henker selbst hat sich erst vor wenigen Monaten ein professionelles Mikrophon angeschafft. Davor nahm sie ihre Texte mit dem Handy auf und sa\u00df zur Vermeidung von Schall in Decken und Kissen eingeh\u00fcllt im Etagenbett ihrer Kinder.<\/p>\n<p>Doch mittlerweile verbringt Henker, die auch f\u00fcr den christlichen Liedermacher Christian Zehendner arbeitet, mit der \u201eZeitlupe\u201c einen gro\u00dfen Teil ihrer Zeit, unter anderem beantragt sie F\u00f6rdergelder. Mit einem Facebook-Post habe sie mehr als 30.000 Menschen erreicht, erz\u00e4hlt sie. Das Interesse sei gro\u00df. Und doch f\u00fcrchtet sie um die Zukunft der \u201eZeitlupe.\u201c \u201eEs w\u00e4re sch\u00f6n, wenn es f\u00fcr geh\u00f6rlose Kinder mehr Angebote und eine Lobby g\u00e4be.\u201c<\/p>\n<hr\/>\n<p>Die Evangelische Kirche in Deutschland will innovative digitale Projekte unterst\u00fctzen und damit den Wandel der Kirche hin zu mehr digitalen Angeboten f\u00f6rdern. Dazu gibt es den Digital-Innovationsfonds, der eine Million Euro umfasst. Weitere innovative Projekte, aber auch Informationen zur Antragsstellung finden Sie auf der EKD-Seite zum Fonds.\u00a0<\/p>\n<\/div>\n","protected":false},"excerpt":{"rendered":"<p>Grumbach. Wenn Kinder die paar Takte Klaviermusik h\u00f6ren, dann wissen sie schon, dass sie sich wieder auf eine der Geschichten<\/p>\n","protected":false},"author":1,"featured_media":3502,"comment_status":"closed","ping_status":"closed","sticky":false,"template":"","format":"standard","meta":{"footnotes":""},"categories":[20],"tags":[],"_links":{"self":[{"href":"https:\/\/krankenhauspfarramt.de\/index.php\/wp-json\/wp\/v2\/posts\/3501"}],"collection":[{"href":"https:\/\/krankenhauspfarramt.de\/index.php\/wp-json\/wp\/v2\/posts"}],"about":[{"href":"https:\/\/krankenhauspfarramt.de\/index.php\/wp-json\/wp\/v2\/types\/post"}],"author":[{"embeddable":true,"href":"https:\/\/krankenhauspfarramt.de\/index.php\/wp-json\/wp\/v2\/users\/1"}],"replies":[{"embeddable":true,"href":"https:\/\/krankenhauspfarramt.de\/index.php\/wp-json\/wp\/v2\/comments?post=3501"}],"version-history":[{"count":1,"href":"https:\/\/krankenhauspfarramt.de\/index.php\/wp-json\/wp\/v2\/posts\/3501\/revisions"}],"predecessor-version":[{"id":3503,"href":"https:\/\/krankenhauspfarramt.de\/index.php\/wp-json\/wp\/v2\/posts\/3501\/revisions\/3503"}],"wp:featuredmedia":[{"embeddable":true,"href":"https:\/\/krankenhauspfarramt.de\/index.php\/wp-json\/wp\/v2\/media\/3502"}],"wp:attachment":[{"href":"https:\/\/krankenhauspfarramt.de\/index.php\/wp-json\/wp\/v2\/media?parent=3501"}],"wp:term":[{"taxonomy":"category","embeddable":true,"href":"https:\/\/krankenhauspfarramt.de\/index.php\/wp-json\/wp\/v2\/categories?post=3501"},{"taxonomy":"post_tag","embeddable":true,"href":"https:\/\/krankenhauspfarramt.de\/index.php\/wp-json\/wp\/v2\/tags?post=3501"}],"curies":[{"name":"wp","href":"https:\/\/api.w.org\/{rel}","templated":true}]}}