{"id":3507,"date":"2021-08-12T15:50:28","date_gmt":"2021-08-12T15:50:28","guid":{"rendered":"https:\/\/krankenhauspfarramt.de\/index.php\/2021\/08\/12\/25-millionen-euro-spenden-fuer-flutgebiete-ekd\/"},"modified":"2021-08-12T15:50:31","modified_gmt":"2021-08-12T15:50:31","slug":"25-millionen-euro-spenden-fuer-flutgebiete-ekd","status":"publish","type":"post","link":"https:\/\/krankenhauspfarramt.de\/index.php\/2021\/08\/12\/25-millionen-euro-spenden-fuer-flutgebiete-ekd\/","title":{"rendered":"25 Millionen Euro Spenden f\u00fcr Flutgebiete \u2013 EKD"},"content":{"rendered":"<p> <br \/>\n<\/p>\n<div>\n<p>Als schnelle Soforthilfe habe man nun vier Millionen Euro bereitstellen k\u00f6nnen, die unb\u00fcrokratisch als Bargeld direkt an die Betroffenen gegangen seien. \u201eDie Menschen wissen selbst am besten, wie sie sich und ihre Familien aus der ersten gro\u00dfen Not befreien k\u00f6nnen.\u201c Ferner w\u00fcrden unter anderem Bautrockner verteilt, damit die vom Hochwasser Betroffenen so schnell wie m\u00f6glich mit der Renovierung der H\u00e4user beginnen k\u00f6nnten. Finanzielle Hilfen f\u00fcr M\u00f6bel und Hausstand gebe es au\u00dferdem. Ansprechpartner vor Ort seien die lokalen diakonischen Einrichtungen.<\/p>\n<p>Pruin \u00e4u\u00dferte die Bef\u00fcrchtung, dass wegen des Klimawandels diese Art von Katastrophen mehr und mehr zur Regel werden. Daher brauche es weltweit, aber auch in Deutschland, deutlich h\u00f6here \u00f6ffentliche Investitionen in die Vorsorge, den Bau von D\u00e4mmen, R\u00fccklaufbecken oder Schutzr\u00e4umen.<\/p>\n<\/p><\/div>\n","protected":false},"excerpt":{"rendered":"<p>Als schnelle Soforthilfe habe man nun vier Millionen Euro bereitstellen k\u00f6nnen, die unb\u00fcrokratisch als Bargeld direkt an die Betroffenen gegangen<\/p>\n","protected":false},"author":1,"featured_media":3508,"comment_status":"closed","ping_status":"closed","sticky":false,"template":"","format":"standard","meta":{"footnotes":""},"categories":[20],"tags":[],"_links":{"self":[{"href":"https:\/\/krankenhauspfarramt.de\/index.php\/wp-json\/wp\/v2\/posts\/3507"}],"collection":[{"href":"https:\/\/krankenhauspfarramt.de\/index.php\/wp-json\/wp\/v2\/posts"}],"about":[{"href":"https:\/\/krankenhauspfarramt.de\/index.php\/wp-json\/wp\/v2\/types\/post"}],"author":[{"embeddable":true,"href":"https:\/\/krankenhauspfarramt.de\/index.php\/wp-json\/wp\/v2\/users\/1"}],"replies":[{"embeddable":true,"href":"https:\/\/krankenhauspfarramt.de\/index.php\/wp-json\/wp\/v2\/comments?post=3507"}],"version-history":[{"count":1,"href":"https:\/\/krankenhauspfarramt.de\/index.php\/wp-json\/wp\/v2\/posts\/3507\/revisions"}],"predecessor-version":[{"id":3509,"href":"https:\/\/krankenhauspfarramt.de\/index.php\/wp-json\/wp\/v2\/posts\/3507\/revisions\/3509"}],"wp:featuredmedia":[{"embeddable":true,"href":"https:\/\/krankenhauspfarramt.de\/index.php\/wp-json\/wp\/v2\/media\/3508"}],"wp:attachment":[{"href":"https:\/\/krankenhauspfarramt.de\/index.php\/wp-json\/wp\/v2\/media?parent=3507"}],"wp:term":[{"taxonomy":"category","embeddable":true,"href":"https:\/\/krankenhauspfarramt.de\/index.php\/wp-json\/wp\/v2\/categories?post=3507"},{"taxonomy":"post_tag","embeddable":true,"href":"https:\/\/krankenhauspfarramt.de\/index.php\/wp-json\/wp\/v2\/tags?post=3507"}],"curies":[{"name":"wp","href":"https:\/\/api.w.org\/{rel}","templated":true}]}}