{"id":3530,"date":"2021-08-17T13:50:57","date_gmt":"2021-08-17T13:50:57","guid":{"rendered":"https:\/\/krankenhauspfarramt.de\/index.php\/2021\/08\/17\/orgel-des-monats-august-2021-in-der-odilienkirche-springen-ekd\/"},"modified":"2021-08-17T13:50:59","modified_gmt":"2021-08-17T13:50:59","slug":"orgel-des-monats-august-2021-in-der-odilienkirche-springen-ekd","status":"publish","type":"post","link":"https:\/\/krankenhauspfarramt.de\/index.php\/2021\/08\/17\/orgel-des-monats-august-2021-in-der-odilienkirche-springen-ekd\/","title":{"rendered":"Orgel des Monats August 2021 in der Odilienkirche Springen \u2013 EKD"},"content":{"rendered":"<p> <br \/>\n<\/p>\n<div id=\"\">\n<div class=\"article--meta article--meta__border clearfix\">\n<p>                                    <time datetime=\"17.08.2021 15:00\" class=\"article--time\">17.08.2021<\/time><strong class=\"article--type primus--overline\">Pressemitteilung<\/strong><\/p>\n<picture class=\"article--source-image image\"><source srcset=\"https:\/\/ekd.de\/ekd_de\/ds_img\/assets\/20170622_ekd-Quellenlogo_141_rdax_423x118.png\"><!--<source srcset=\"\/ekd_de\/ds_img\/assets\/20170622_ekd-Quellenlogo_141_rdax_141x39.png 1x, \/ekd_de\/ds_img\/assets\/20170622_ekd-Quellenlogo_141_rdax_282x78.png 2x, https:\/\/ekd.de\/ekd_de\/ds_img\/assets\/20170622_ekd-Quellenlogo_141_rdax_423x118.png 3x\">--><\/source><\/picture>\n<\/p><\/div>\n<h2 class=\"article--sub-headline primus--sub-headline\">\u201eMan will der alten Dame etwas Gutes\u201c<\/h2>\n<\/p><\/div>\n<div id=\"\">\n<p>Die \u201eOrgel des Monats August 2021\u201c der Stiftung Orgelklang steht in der mittelalterlichen Odilienkirche in Springen im Rheingau-Taunus-Kreis (Hessen). Die von der Evangelischen Kirche in Deutschland (EKD) gegr\u00fcndete Stiftung f\u00f6rdert die Restaurierung des \u00fcber 300 Jahre alten Instruments aus der Werkstatt von Joachim Friedrich Macrander (1661-1741) mit 3.000 Euro.<\/p>\n<p>Urspr\u00fcnglich wurde die Orgel 1710 f\u00fcr die Cyriakuskirche in Frankfurt-R\u00f6delheim erbaut, 1872 wurde sie nach Springen verkauft. \u201eEin Riesengl\u00fccksfall\u201c, sagt Organistin Yvonne Ullmann, die eine besondere Beziehung zur Orgel hat \u2013 es war das erste Tasteninstrument, das die heutige D-Kirchenmusikerin je gespielt hat. \u201eDa die R\u00f6delheimer Kirche im 2. Weltkrieg zerst\u00f6rt wurde, g\u00e4be es die Orgel heute gar nicht mehr.\u201c Aus Geldmangel wurde sie auch nie umgebaut, so dass die Springener Macrander-Orgel heute neben einer weiteren das \u00e4lteste Instrument mit originalem Prospekt und Werk ist.<\/p>\n<p>Liebevoll als \u201e\u00e4lteste Springerin\u201c bezeichnet, liegt das Instrument der Gemeinde sehr am Herzen. \u201eMan will der alten Dame etwas Gutes\u201c, berichtet Ullmann. Dringend ben\u00f6tigte Restaurierungsarbeiten stehen an: Pfeifenwerk, Windladen, Keilbalganlage und Geh\u00e4use werden restauriert. Der gesamte Bauabschnitt ist mit 160.000 Euro kalkuliert, neben Eigenmitteln und dem Orgelklang-Beitrag flie\u00dfen vor allem Mittel von Bund und Land sowie weiteren Stiftungen in die Finanzierung. Im Fr\u00fchjahr 2022 sollen die Arbeiten abgeschlossen sein und die alte Dame kann wieder erklingen. Im Herbst 2021 wird zuvor das Innenleben der Orgel abgebaut, die B\u00e4lge befinden sich bereits seit Ende 2020 in der Orgelwerkstatt.<\/p>\n<p><em>Die Stiftung Orgelklang der Evangelischen Kirche in Deutschland (EKD) pr\u00e4sentiert in jedem Monat eine \u201eOrgel des Monats\u201c. In diesem Jahr f\u00f6rdert sie 15 Projekte in einem Gesamtumfang von 55.000 Euro (bzw. 110.000 Euro inkl. Projektspenden). Seit 2010 hat sie 236 F\u00f6rderzusagen \u00fcber mehr als 1,4 Millionen Euro gegeben (bzw. mehr als 1,9 Millionen Euro inkl. Projektspenden). Weitere Informationen finden Sie im Internet unter <\/em><em>www.stiftung-orgelklang.de<\/em><em>.<\/em><\/p>\n<p class=\"EKDAdressdaten\">Hannover, 17. August 2021<\/p>\n<p class=\"EKDAdressdaten\">Pressestelle der EKD<\/p>\n<\/div>\n","protected":false},"excerpt":{"rendered":"<p>17.08.2021Pressemitteilung \u201eMan will der alten Dame etwas Gutes\u201c Die \u201eOrgel des Monats August 2021\u201c der Stiftung Orgelklang steht in der<\/p>\n","protected":false},"author":1,"featured_media":3531,"comment_status":"closed","ping_status":"closed","sticky":false,"template":"","format":"standard","meta":{"footnotes":""},"categories":[20],"tags":[],"_links":{"self":[{"href":"https:\/\/krankenhauspfarramt.de\/index.php\/wp-json\/wp\/v2\/posts\/3530"}],"collection":[{"href":"https:\/\/krankenhauspfarramt.de\/index.php\/wp-json\/wp\/v2\/posts"}],"about":[{"href":"https:\/\/krankenhauspfarramt.de\/index.php\/wp-json\/wp\/v2\/types\/post"}],"author":[{"embeddable":true,"href":"https:\/\/krankenhauspfarramt.de\/index.php\/wp-json\/wp\/v2\/users\/1"}],"replies":[{"embeddable":true,"href":"https:\/\/krankenhauspfarramt.de\/index.php\/wp-json\/wp\/v2\/comments?post=3530"}],"version-history":[{"count":1,"href":"https:\/\/krankenhauspfarramt.de\/index.php\/wp-json\/wp\/v2\/posts\/3530\/revisions"}],"predecessor-version":[{"id":3532,"href":"https:\/\/krankenhauspfarramt.de\/index.php\/wp-json\/wp\/v2\/posts\/3530\/revisions\/3532"}],"wp:featuredmedia":[{"embeddable":true,"href":"https:\/\/krankenhauspfarramt.de\/index.php\/wp-json\/wp\/v2\/media\/3531"}],"wp:attachment":[{"href":"https:\/\/krankenhauspfarramt.de\/index.php\/wp-json\/wp\/v2\/media?parent=3530"}],"wp:term":[{"taxonomy":"category","embeddable":true,"href":"https:\/\/krankenhauspfarramt.de\/index.php\/wp-json\/wp\/v2\/categories?post=3530"},{"taxonomy":"post_tag","embeddable":true,"href":"https:\/\/krankenhauspfarramt.de\/index.php\/wp-json\/wp\/v2\/tags?post=3530"}],"curies":[{"name":"wp","href":"https:\/\/api.w.org\/{rel}","templated":true}]}}