{"id":3533,"date":"2021-08-17T17:29:05","date_gmt":"2021-08-17T17:29:05","guid":{"rendered":"https:\/\/krankenhauspfarramt.de\/index.php\/2021\/08\/17\/besonders-gefaehrdete-afghaninnen-und-afghanen-aufnehmen-ekd\/"},"modified":"2021-08-17T17:29:07","modified_gmt":"2021-08-17T17:29:07","slug":"besonders-gefaehrdete-afghaninnen-und-afghanen-aufnehmen-ekd","status":"publish","type":"post","link":"https:\/\/krankenhauspfarramt.de\/index.php\/2021\/08\/17\/besonders-gefaehrdete-afghaninnen-und-afghanen-aufnehmen-ekd\/","title":{"rendered":"Besonders gef\u00e4hrdete Afghaninnen und Afghanen aufnehmen \u2013 EKD"},"content":{"rendered":"<p> <br \/>\n<\/p>\n<div>\n<p>Aber auch im Land selbst br\u00e4uchten die Menschen Hilfe, betonte Pruin. Schon vor der Macht\u00fcbernahme der Taliban seien die Lebensumst\u00e4nde vieler Menschen verzweifelt gewesen, elf Millionen Afghaninnen und Afghanen h\u00e4tten gehungert. \u201eLeider m\u00fcssen wir davon ausgehen, dass sich die Not jetzt weiter versch\u00e4rft.\u201c<\/p>\n<p>Der Pr\u00e4sident der Diakonie Deutschland, Ulrich Lilie, verwies darauf, dass durch die Macht\u00fcbernahme der Taliban eine neue Fluchtbewegung aus Afghanistan bevorsteht. Anrainerstaaten wie die T\u00fcrkei, Pakistan und der Iran br\u00e4uchten Unterst\u00fctzung, um Geflohene aufnehmen und mit dem N\u00f6tigsten versorgen zu k\u00f6nnen. Zudem seien Resettlement-Programme, also die Verteilung von Fl\u00fcchtlingen auf andere L\u00e4nder, in der gesamten EU n\u00f6tig, betonte Lilie.<\/p>\n<p>\u201eNiemand muss vor der neuen Aufnahme von Gefl\u00fcchteten Bef\u00fcrchtungen haben\u201c, erkl\u00e4rte Lilie. Es habe sich gezeigt, dass Integration gelingen k\u00f6nne. \u201eDazu braucht es Geduld, Engagement und einen langen Atem &#8211; auch in der Politik.\u201c N\u00f6tig sei daf\u00fcr ein humanit\u00e4res Aufenthaltsrecht jenseits von Einzelfallpr\u00fcfungen. \u201eDenn sp\u00e4testens jetzt muss jedem klar sein: Weitere Abschiebungen sind nicht zu verantworten.\u201c<\/p>\n<\/p><\/div>\n","protected":false},"excerpt":{"rendered":"<p>Aber auch im Land selbst br\u00e4uchten die Menschen Hilfe, betonte Pruin. Schon vor der Macht\u00fcbernahme der Taliban seien die Lebensumst\u00e4nde<\/p>\n","protected":false},"author":1,"featured_media":3534,"comment_status":"closed","ping_status":"closed","sticky":false,"template":"","format":"standard","meta":{"footnotes":""},"categories":[20],"tags":[],"_links":{"self":[{"href":"https:\/\/krankenhauspfarramt.de\/index.php\/wp-json\/wp\/v2\/posts\/3533"}],"collection":[{"href":"https:\/\/krankenhauspfarramt.de\/index.php\/wp-json\/wp\/v2\/posts"}],"about":[{"href":"https:\/\/krankenhauspfarramt.de\/index.php\/wp-json\/wp\/v2\/types\/post"}],"author":[{"embeddable":true,"href":"https:\/\/krankenhauspfarramt.de\/index.php\/wp-json\/wp\/v2\/users\/1"}],"replies":[{"embeddable":true,"href":"https:\/\/krankenhauspfarramt.de\/index.php\/wp-json\/wp\/v2\/comments?post=3533"}],"version-history":[{"count":1,"href":"https:\/\/krankenhauspfarramt.de\/index.php\/wp-json\/wp\/v2\/posts\/3533\/revisions"}],"predecessor-version":[{"id":3535,"href":"https:\/\/krankenhauspfarramt.de\/index.php\/wp-json\/wp\/v2\/posts\/3533\/revisions\/3535"}],"wp:featuredmedia":[{"embeddable":true,"href":"https:\/\/krankenhauspfarramt.de\/index.php\/wp-json\/wp\/v2\/media\/3534"}],"wp:attachment":[{"href":"https:\/\/krankenhauspfarramt.de\/index.php\/wp-json\/wp\/v2\/media?parent=3533"}],"wp:term":[{"taxonomy":"category","embeddable":true,"href":"https:\/\/krankenhauspfarramt.de\/index.php\/wp-json\/wp\/v2\/categories?post=3533"},{"taxonomy":"post_tag","embeddable":true,"href":"https:\/\/krankenhauspfarramt.de\/index.php\/wp-json\/wp\/v2\/tags?post=3533"}],"curies":[{"name":"wp","href":"https:\/\/api.w.org\/{rel}","templated":true}]}}