{"id":3536,"date":"2021-08-17T17:51:49","date_gmt":"2021-08-17T17:51:49","guid":{"rendered":"https:\/\/krankenhauspfarramt.de\/index.php\/2021\/08\/17\/ekd-synodentagung-im-november-nimmt-konturen-an-ekd\/"},"modified":"2021-08-17T17:51:50","modified_gmt":"2021-08-17T17:51:50","slug":"ekd-synodentagung-im-november-nimmt-konturen-an-ekd","status":"publish","type":"post","link":"https:\/\/krankenhauspfarramt.de\/index.php\/2021\/08\/17\/ekd-synodentagung-im-november-nimmt-konturen-an-ekd\/","title":{"rendered":"EKD-Synodentagung im November nimmt Konturen an \u2013 EKD"},"content":{"rendered":"<p> <br \/>\n<\/p>\n<div id=\"\">\n<div class=\"article--meta article--meta__border clearfix\">\n<p>                                    <time datetime=\"17.08.2021 14:00\" class=\"article--time\">17.08.2021<\/time><strong class=\"article--type primus--overline\">Pressemitteilung<\/strong><\/p>\n<picture class=\"article--source-image image\"><source srcset=\"https:\/\/ekd.de\/ekd_de\/ds_img\/assets\/20170622_ekd-Quellenlogo_141_rdax_423x118.png\"><!--<source srcset=\"\/ekd_de\/ds_img\/assets\/20170622_ekd-Quellenlogo_141_rdax_141x39.png 1x, \/ekd_de\/ds_img\/assets\/20170622_ekd-Quellenlogo_141_rdax_282x78.png 2x, https:\/\/ekd.de\/ekd_de\/ds_img\/assets\/20170622_ekd-Quellenlogo_141_rdax_423x118.png 3x\">--><\/source><\/picture>\n<\/p><\/div>\n<h2 class=\"article--sub-headline primus--sub-headline\">Bei der Sitzung in Bremen wird es auch um den Schutz vor sexualisierter Gewalt gehen<\/h2>\n<\/p><\/div>\n<div id=\"\">\n<p>100 Tage nach seiner Konstituierung hat das Pr\u00e4sidium der 13. Synode der Evangelischen Kirche in Deutschland (EKD) erste Eckpfeiler der Planungen f\u00fcr die kommende Synodentagung vom 4. bis 10. November in Bremen bekannt gegeben. Im Mittelpunkt der als Pr\u00e4senzsitzung unter Corona-Bedingungen angesetzten Tagung steht die turnusgem\u00e4\u00dfe Wahl des Rates der EKD. Diese wird am Dienstag, 9. November, durchgef\u00fchrt. Die Wahlen f\u00fcr den Vorsitz und stellvertretenden Vorsitz im Rat sind f\u00fcr den 10. November angesetzt. Bereits am Sonntag, 7. November, wird der nach sieben Jahren aus dem Amt scheidende EKD-Ratsvorsitzende Heinrich Bedford-Strohm seinen letzten Ratsbericht halten.<\/p>\n<p>Einen inhaltlichen Schwerpunkt auf der Synodentagung wird auch der Schutz vor sexualisierter Gewalt in der evangelischen Kirche bilden. An der auf drei Stunden angesetzten Diskussion \u00fcber das Themenfeld am Montag, 8. November, sollen auch Betroffene beteiligt sein. So wurden die aktuellen und ehemaligen Mitglieder des Betroffenenrates eingeladen, auf der Synode Stellungnahmen zum Bericht des Beauftragtenrates der EKD zum Schutz vor sexualisierter Gewalt abzugeben, den Landesbischof Christoph Meyns als Sprecher des Beauftragtenrates vorstellen wird. In einer Podiumsdiskussion im zweiten Teil des Tagesordnungspunktes wird es dann um die Zusammenh\u00e4nge von Macht und sexualisierter Gewalt gehen. Geplant ist ein Podiumsgespr\u00e4ch mit externen Expert*innen, kirchlichen Vertreter*innen und Betroffenen. \u201eDie Auseinandersetzung mit den Anliegen der Betroffenen ist uns ein wichtiges Bed\u00fcrfnis\u201c, so Synodenpr\u00e4ses Anna-Nicole Heinrich. \u201eMit dem Themenschwerpunkt sollen insbesondere die neuen Synodalen, aber auch die breite \u00d6ffentlichkeit f\u00fcr das Themenfeld sexualisierte Gewalt in der evangelischen Kirche sensibilisiert und auf die fortlaufende Bedeutsamkeit aufmerksam gemacht werden.\u201c<\/p>\n<p>Die 13. Synode der EKD hat 128 Mitglieder und hatte sich im Mai dieses Jahres auf ihrer 1. Tagung neu konstituiert.<\/p>\n<p><em>Hinweise: <\/em><\/p>\n<p>Eine gesonderte Einladung und Akkreditierungshinweise werden den Vertreterinnen und Vertretern der Medien im September zugeschickt.<\/p>\n<p>Betroffene von sexualisierter Gewalt im Raum der evangelischen Kirche und der Diakonie k\u00f6nnen sich an die \u201eZentrale Anlaufstelle.help\u201c sowie an die landeskirchlichen Ansprechpersonen f\u00fcr Betroffene sexualisierter Gewalt wenden:<\/p>\n<p>www.Anlaufstelle.help<br \/>www.ekd.de\/Ansprechpartner-fuer-Missbrauchsopfer-23994.htm<\/p>\n<p>Weitere Informationen zu den Ma\u00dfnahmen gegen sexualisierte Gewalt unter:<br \/>www.hinschauen-helfen-handeln.de<br \/>www.ekd.de\/missbrauch<\/p>\n<p>Hannover, 17. August 2021<\/p>\n<p class=\"EKDAdressdaten\">Pressestelle der EKD<br \/>Carsten Splitt<\/p>\n<\/div>\n","protected":false},"excerpt":{"rendered":"<p>17.08.2021Pressemitteilung Bei der Sitzung in Bremen wird es auch um den Schutz vor sexualisierter Gewalt gehen 100 Tage nach seiner<\/p>\n","protected":false},"author":1,"featured_media":569,"comment_status":"closed","ping_status":"closed","sticky":false,"template":"","format":"standard","meta":{"footnotes":""},"categories":[20],"tags":[],"_links":{"self":[{"href":"https:\/\/krankenhauspfarramt.de\/index.php\/wp-json\/wp\/v2\/posts\/3536"}],"collection":[{"href":"https:\/\/krankenhauspfarramt.de\/index.php\/wp-json\/wp\/v2\/posts"}],"about":[{"href":"https:\/\/krankenhauspfarramt.de\/index.php\/wp-json\/wp\/v2\/types\/post"}],"author":[{"embeddable":true,"href":"https:\/\/krankenhauspfarramt.de\/index.php\/wp-json\/wp\/v2\/users\/1"}],"replies":[{"embeddable":true,"href":"https:\/\/krankenhauspfarramt.de\/index.php\/wp-json\/wp\/v2\/comments?post=3536"}],"version-history":[{"count":1,"href":"https:\/\/krankenhauspfarramt.de\/index.php\/wp-json\/wp\/v2\/posts\/3536\/revisions"}],"predecessor-version":[{"id":3537,"href":"https:\/\/krankenhauspfarramt.de\/index.php\/wp-json\/wp\/v2\/posts\/3536\/revisions\/3537"}],"wp:featuredmedia":[{"embeddable":true,"href":"https:\/\/krankenhauspfarramt.de\/index.php\/wp-json\/wp\/v2\/media\/569"}],"wp:attachment":[{"href":"https:\/\/krankenhauspfarramt.de\/index.php\/wp-json\/wp\/v2\/media?parent=3536"}],"wp:term":[{"taxonomy":"category","embeddable":true,"href":"https:\/\/krankenhauspfarramt.de\/index.php\/wp-json\/wp\/v2\/categories?post=3536"},{"taxonomy":"post_tag","embeddable":true,"href":"https:\/\/krankenhauspfarramt.de\/index.php\/wp-json\/wp\/v2\/tags?post=3536"}],"curies":[{"name":"wp","href":"https:\/\/api.w.org\/{rel}","templated":true}]}}