{"id":3541,"date":"2021-08-18T13:37:27","date_gmt":"2021-08-18T13:37:27","guid":{"rendered":"https:\/\/krankenhauspfarramt.de\/index.php\/2021\/08\/18\/auf-not-in-afghanistan-mit-menschlichkeit-reagieren-ekd\/"},"modified":"2021-08-18T13:37:29","modified_gmt":"2021-08-18T13:37:29","slug":"auf-not-in-afghanistan-mit-menschlichkeit-reagieren-ekd","status":"publish","type":"post","link":"https:\/\/krankenhauspfarramt.de\/index.php\/2021\/08\/18\/auf-not-in-afghanistan-mit-menschlichkeit-reagieren-ekd\/","title":{"rendered":"Auf Not in Afghanistan mit Menschlichkeit reagieren \u2013 EKD"},"content":{"rendered":"<p> <br \/>\n<\/p>\n<div>\n<p>Berichte aus verschiedenen Landesteilen lie\u00dfen erwarten, \u201edass unter dem Taliban-Regime immenses Leid \u00fcber gro\u00dfe Teile der Bev\u00f6lkerung kommen wird\u201c, erkl\u00e4rten die katholischen Bisch\u00f6fe Peter Kohlgraf (Mainz), Heiner Wilmer (Hildesheim), der katholische Milit\u00e4rbischof Franz-Josef Overbeck (Essen) sowie der evangelische Milit\u00e4rbischof Bernhard Felmberg und der Friedensbeauftragte der Evangelischen Kirche in Deutschland (EKD), Renke Brahms.<\/p>\n<p>\u201eWir denken dabei nicht nur an die Ortskr\u00e4fte, die \u00fcber Jahre hinweg im Dienst der ausl\u00e4ndischen Streitkr\u00e4fte standen, sondern auch an die afghanischen Frauen und Kinder sowie die Menschenrechtsaktivistinnen und -aktivisten\u201c, hie\u00df es weiter: \u201eSie m\u00fcssen mit Verschleppung, Ausbeutung, Gewalt und dem Tod rechnen, wenn sie sich nicht den Bestimmungen der Taliban unterwerfen.\u201c Angesichts der akuten Not sei es der falsche Zeitpunkt, mit Schuldzuweisungen auf diese Situation zu reagieren. Vielmehr komme es nun auf konkrete Schritte an, um diese Not zu lindern.<\/p>\n<\/p><\/div>\n","protected":false},"excerpt":{"rendered":"<p>Berichte aus verschiedenen Landesteilen lie\u00dfen erwarten, \u201edass unter dem Taliban-Regime immenses Leid \u00fcber gro\u00dfe Teile der Bev\u00f6lkerung kommen wird\u201c, erkl\u00e4rten<\/p>\n","protected":false},"author":1,"featured_media":3542,"comment_status":"closed","ping_status":"closed","sticky":false,"template":"","format":"standard","meta":{"footnotes":""},"categories":[20],"tags":[],"_links":{"self":[{"href":"https:\/\/krankenhauspfarramt.de\/index.php\/wp-json\/wp\/v2\/posts\/3541"}],"collection":[{"href":"https:\/\/krankenhauspfarramt.de\/index.php\/wp-json\/wp\/v2\/posts"}],"about":[{"href":"https:\/\/krankenhauspfarramt.de\/index.php\/wp-json\/wp\/v2\/types\/post"}],"author":[{"embeddable":true,"href":"https:\/\/krankenhauspfarramt.de\/index.php\/wp-json\/wp\/v2\/users\/1"}],"replies":[{"embeddable":true,"href":"https:\/\/krankenhauspfarramt.de\/index.php\/wp-json\/wp\/v2\/comments?post=3541"}],"version-history":[{"count":1,"href":"https:\/\/krankenhauspfarramt.de\/index.php\/wp-json\/wp\/v2\/posts\/3541\/revisions"}],"predecessor-version":[{"id":3543,"href":"https:\/\/krankenhauspfarramt.de\/index.php\/wp-json\/wp\/v2\/posts\/3541\/revisions\/3543"}],"wp:featuredmedia":[{"embeddable":true,"href":"https:\/\/krankenhauspfarramt.de\/index.php\/wp-json\/wp\/v2\/media\/3542"}],"wp:attachment":[{"href":"https:\/\/krankenhauspfarramt.de\/index.php\/wp-json\/wp\/v2\/media?parent=3541"}],"wp:term":[{"taxonomy":"category","embeddable":true,"href":"https:\/\/krankenhauspfarramt.de\/index.php\/wp-json\/wp\/v2\/categories?post=3541"},{"taxonomy":"post_tag","embeddable":true,"href":"https:\/\/krankenhauspfarramt.de\/index.php\/wp-json\/wp\/v2\/tags?post=3541"}],"curies":[{"name":"wp","href":"https:\/\/api.w.org\/{rel}","templated":true}]}}