{"id":3547,"date":"2021-08-18T21:39:08","date_gmt":"2021-08-18T21:39:08","guid":{"rendered":"https:\/\/krankenhauspfarramt.de\/index.php\/2021\/08\/18\/ein-neues-zentrum-juedischer-gelehrsamkeit-ekd\/"},"modified":"2021-08-18T21:39:10","modified_gmt":"2021-08-18T21:39:10","slug":"ein-neues-zentrum-juedischer-gelehrsamkeit-ekd","status":"publish","type":"post","link":"https:\/\/krankenhauspfarramt.de\/index.php\/2021\/08\/18\/ein-neues-zentrum-juedischer-gelehrsamkeit-ekd\/","title":{"rendered":"Ein neues Zentrum j\u00fcdischer Gelehrsamkeit \u2013 EKD"},"content":{"rendered":"<p> <br \/>\n<\/p>\n<div>\n<p>F\u00fcr die k\u00fcnstlerische Gestaltung und die liturgische Ausstattung der Synagoge seien international Spenden eingeworben worden, erz\u00e4hlt Homolka beim Gang durch die R\u00e4ume, w\u00e4hrend ein Mitarbeiter einige der liturgischen Gegenst\u00e4nde aus dem Tresor holt: \u201eAlles, was ein bisschen besonders ist, haben wir mit Spenden finanziert.\u201c Und die Ausf\u00fchrung der Arbeiten sei \u201e\u00e4sthetisch ein gro\u00dfer Wurf\u201c.<\/p>\n<p>Das Toraschild mit Symbolen der zw\u00f6lf St\u00e4mme Israels, der Torazeiger, die Schabbatleuchter und andere wichtige St\u00fccke wurden in Israel angefertigt. Die vier Elemente Feuer, Wasser, Erde und Luft werden im Raumkonzept symbolisch aufgegriffen. Eine abstrakte Installation der aus S\u00fcdkorea stammenden Berliner K\u00fcnstlerin Seo h\u00e4ngt an der Wand gegen\u00fcber dem Toraschrein.<\/p>\n<p>\u201eWir haben Wert auf Einzigartigkeit gelegt, in mehr als einer Hinsicht\u201c, betont Homolka. Der Ort werde nun zu einem europ\u00e4ischen Zentrum j\u00fcdischer Gelehrsamkeit mit \u201eLeuchtturmcharakter f\u00fcr die ganze EU\u201c. Wo der j\u00fcdische Religionsphilosoph Moses Mendelssohn wohl einst von Friedrich dem Gro\u00dfen, einem \u201eVer\u00e4chter alles J\u00fcdischen\u201c, nicht empfangen worden sei, w\u00fcrden nun Rabbiner und Kantoren darauf vorbereitet, das j\u00fcdische Erbe in die Zukunft zu tragen, schreibt er dazu in einer Kurzdarstellung.<\/p>\n<p>Am liberalen Abraham-Geiger-Kolleg, 1999 gegr\u00fcndet und ein Herzst\u00fcck des neuen Ausbildungszentrums, wurden inzwischen 41 Absolventen ausgebildet, darunter 24 Rabbiner und sieben Rabbinerinnen, sieben Kantoren und drei Kantorinnen. 23 von ihnen sind in Deutschland t\u00e4tig, elf im europ\u00e4ischen Ausland, sieben weitere in S\u00fcdafrika, den USA und Israel. Das 2013 zus\u00e4tzlich er\u00f6ffnete konservativ ausgerichtete Zacharias-Frankel-College hat bisher drei Absolventen. Und der Bedarf an j\u00fcdischen Geistlichen k\u00f6nne damit bei weitem nicht gedeckt werden, sagt Homolka.<\/p>\n<p>Wie andere j\u00fcdische Einrichtungen wird auch die neue Ausbildungsst\u00e4tte gut gesch\u00fctzt. \u201eDrinnen ist man eigentlich in einem Hochsicherheitstrakt\u201c, sagt der Rektor des Geiger-Kollegs, der auch Professor f\u00fcr j\u00fcdische Religionsphilosophie an der Universit\u00e4t ist: \u201eDas ist auch eine Festung.\u201c Wer zum Rabbinerseminar mit seinem kleinen Innenhof will, muss durch eine Sicherheitsschleuse und an einem Wachmann vorbei. Wer unbedacht eine T\u00fcr nach drau\u00dfen \u00f6ffnet, l\u00f6st sofort Alarm aus. Die Sicherheitsleute des Bundespr\u00e4sidenten seien bei ihrem Vorabbesuch begeistert gewesen, erz\u00e4hlt Homolka und lacht.<\/p>\n<p>Die Synagoge werde auch Menschen aus der Stadt offenstehen, betont er. Dazu geh\u00f6ren die verschiedenen j\u00fcdischen Gemeinden. Deren geplanter Synagogenbau hat wegen lang anhaltender Meinungsverschiedenheiten noch nicht begonnen. Auch Kulturveranstaltungen soll es hier geben. Und Raum f\u00fcr Stille und Besinnung an der Universit\u00e4t.<\/p>\n<p>Das Hofg\u00e4rtnerhaus am Neuen Palais, dem gro\u00dfen G\u00e4steschloss Friedrichs des Gro\u00dfen, wurde 1769 nach Pl\u00e4nen des Architekten Carl von Gontard (1731-1791) im Stil der Palastarchitektur der italienischen Renaissance errichtet. Das Ensemble geh\u00f6rt der Stiftung Preu\u00dfische Schl\u00f6sser und G\u00e4rten. Dort ist man erleichtert \u00fcber die Sanierung und die neue Nutzung. \u201eDass Preu\u00dfen ein Land verschiedener Ethnien, Sprachen, religi\u00f6ser Bekenntnisse gewesen ist, spiegeln die Schl\u00f6sser und G\u00e4rten wider\u201c, sagt Generaldirektor Christoph Martin Vogtherr: \u201eNun ist auch j\u00fcdisches Leben in Sanssouci pr\u00e4sent, und was zu w\u00fcnschen bleibt, steht im Talmud: Das Haus soll weit offen stehen.\u201c<\/p>\n<p style=\"text-align:right\"><em>Von Yvonne Jennerjahn (epd)<\/em><\/p>\n<\/p><\/div>\n","protected":false},"excerpt":{"rendered":"<p>F\u00fcr die k\u00fcnstlerische Gestaltung und die liturgische Ausstattung der Synagoge seien international Spenden eingeworben worden, erz\u00e4hlt Homolka beim Gang durch<\/p>\n","protected":false},"author":1,"featured_media":3548,"comment_status":"closed","ping_status":"closed","sticky":false,"template":"","format":"standard","meta":{"footnotes":""},"categories":[20],"tags":[],"_links":{"self":[{"href":"https:\/\/krankenhauspfarramt.de\/index.php\/wp-json\/wp\/v2\/posts\/3547"}],"collection":[{"href":"https:\/\/krankenhauspfarramt.de\/index.php\/wp-json\/wp\/v2\/posts"}],"about":[{"href":"https:\/\/krankenhauspfarramt.de\/index.php\/wp-json\/wp\/v2\/types\/post"}],"author":[{"embeddable":true,"href":"https:\/\/krankenhauspfarramt.de\/index.php\/wp-json\/wp\/v2\/users\/1"}],"replies":[{"embeddable":true,"href":"https:\/\/krankenhauspfarramt.de\/index.php\/wp-json\/wp\/v2\/comments?post=3547"}],"version-history":[{"count":1,"href":"https:\/\/krankenhauspfarramt.de\/index.php\/wp-json\/wp\/v2\/posts\/3547\/revisions"}],"predecessor-version":[{"id":3549,"href":"https:\/\/krankenhauspfarramt.de\/index.php\/wp-json\/wp\/v2\/posts\/3547\/revisions\/3549"}],"wp:featuredmedia":[{"embeddable":true,"href":"https:\/\/krankenhauspfarramt.de\/index.php\/wp-json\/wp\/v2\/media\/3548"}],"wp:attachment":[{"href":"https:\/\/krankenhauspfarramt.de\/index.php\/wp-json\/wp\/v2\/media?parent=3547"}],"wp:term":[{"taxonomy":"category","embeddable":true,"href":"https:\/\/krankenhauspfarramt.de\/index.php\/wp-json\/wp\/v2\/categories?post=3547"},{"taxonomy":"post_tag","embeddable":true,"href":"https:\/\/krankenhauspfarramt.de\/index.php\/wp-json\/wp\/v2\/tags?post=3547"}],"curies":[{"name":"wp","href":"https:\/\/api.w.org\/{rel}","templated":true}]}}