{"id":3553,"date":"2021-08-19T17:54:02","date_gmt":"2021-08-19T17:54:02","guid":{"rendered":"https:\/\/krankenhauspfarramt.de\/index.php\/2021\/08\/19\/rettungsschiff-sea-eye-4-wieder-frei-ekd\/"},"modified":"2021-08-19T17:54:04","modified_gmt":"2021-08-19T17:54:04","slug":"rettungsschiff-sea-eye-4-wieder-frei-ekd","status":"publish","type":"post","link":"https:\/\/krankenhauspfarramt.de\/index.php\/2021\/08\/19\/rettungsschiff-sea-eye-4-wieder-frei-ekd\/","title":{"rendered":"Rettungsschiff &#8222;Sea-Eye 4&#8220; wieder frei \u2013 EKD"},"content":{"rendered":"<p> <br \/>\n<\/p>\n<div>\n<p>Inzwischen besch\u00e4ftigt sich der Europ\u00e4ische Gerichtshof mit den Festsetzungen. Sea-Eye gehe wie deutsche Beh\u00f6rden davon aus, dass das Vorgehen der italienischen Beh\u00f6rden unrechtm\u00e4\u00dfig sei. Mit einem Urteil des EuGHs werde jedoch nicht vor einem Jahr gerechnet. Sea-Eye entschied daher, keine Ressourcen in eine weitere Klage zu stecken und in Abstimmung mit den deutschen Beh\u00f6rden die geforderten Anpassungen freiwillig zu erf\u00fcllen, um schnellstm\u00f6glich wieder Menschen retten zu k\u00f6nnen.<\/p>\n<p>Die \u201eSea-Eye 4\u201c wird wie auch die \u201eSea-Watch 4\u201c der gleichnamigen Organisation vom B\u00fcndnis United4Rescue unterst\u00fctzt, das unter anderem von der Evangelischen Kirche in Deutschland (EKD) getragen wird.<\/p>\n<\/p><\/div>\n","protected":false},"excerpt":{"rendered":"<p>Inzwischen besch\u00e4ftigt sich der Europ\u00e4ische Gerichtshof mit den Festsetzungen. Sea-Eye gehe wie deutsche Beh\u00f6rden davon aus, dass das Vorgehen der<\/p>\n","protected":false},"author":1,"featured_media":3554,"comment_status":"closed","ping_status":"closed","sticky":false,"template":"","format":"standard","meta":{"footnotes":""},"categories":[20],"tags":[],"_links":{"self":[{"href":"https:\/\/krankenhauspfarramt.de\/index.php\/wp-json\/wp\/v2\/posts\/3553"}],"collection":[{"href":"https:\/\/krankenhauspfarramt.de\/index.php\/wp-json\/wp\/v2\/posts"}],"about":[{"href":"https:\/\/krankenhauspfarramt.de\/index.php\/wp-json\/wp\/v2\/types\/post"}],"author":[{"embeddable":true,"href":"https:\/\/krankenhauspfarramt.de\/index.php\/wp-json\/wp\/v2\/users\/1"}],"replies":[{"embeddable":true,"href":"https:\/\/krankenhauspfarramt.de\/index.php\/wp-json\/wp\/v2\/comments?post=3553"}],"version-history":[{"count":1,"href":"https:\/\/krankenhauspfarramt.de\/index.php\/wp-json\/wp\/v2\/posts\/3553\/revisions"}],"predecessor-version":[{"id":3555,"href":"https:\/\/krankenhauspfarramt.de\/index.php\/wp-json\/wp\/v2\/posts\/3553\/revisions\/3555"}],"wp:featuredmedia":[{"embeddable":true,"href":"https:\/\/krankenhauspfarramt.de\/index.php\/wp-json\/wp\/v2\/media\/3554"}],"wp:attachment":[{"href":"https:\/\/krankenhauspfarramt.de\/index.php\/wp-json\/wp\/v2\/media?parent=3553"}],"wp:term":[{"taxonomy":"category","embeddable":true,"href":"https:\/\/krankenhauspfarramt.de\/index.php\/wp-json\/wp\/v2\/categories?post=3553"},{"taxonomy":"post_tag","embeddable":true,"href":"https:\/\/krankenhauspfarramt.de\/index.php\/wp-json\/wp\/v2\/tags?post=3553"}],"curies":[{"name":"wp","href":"https:\/\/api.w.org\/{rel}","templated":true}]}}