{"id":3556,"date":"2021-08-23T10:15:10","date_gmt":"2021-08-23T10:15:10","guid":{"rendered":"https:\/\/krankenhauspfarramt.de\/index.php\/2021\/08\/23\/22-07-2021-vierter-kunstpreis-der-landeskirche-ausgeschrieben\/"},"modified":"2021-08-23T10:15:10","modified_gmt":"2021-08-23T10:15:10","slug":"22-07-2021-vierter-kunstpreis-der-landeskirche-ausgeschrieben","status":"publish","type":"post","link":"https:\/\/krankenhauspfarramt.de\/index.php\/2021\/08\/23\/22-07-2021-vierter-kunstpreis-der-landeskirche-ausgeschrieben\/","title":{"rendered":"22.07.2021 Vierter Kunstpreis der Landeskirche ausgeschrieben"},"content":{"rendered":"<p><img decoding=\"async\" src=\"https:\/\/www.elk-wue.de\/\" \/><\/p>\n<div id=\"c30353\">\n<header>\n<h2 class=\"b_is-headline\">Vierter Kunstpreis der Landeskirche ausgeschrieben<\/h2>\n<h3>Hauptpreis mit 10.000 Euro dotiert<\/h3>\n<\/header>\n<p>Stuttgart. Zum vierten Mal schreibt die Evangelische Landeskirche in W\u00fcrttemberg ihren Kunstpreis aus. Das Thema lautet: \u201e&amp; kein Leben ohne <strong>und\u201c. <\/strong>Der Wettbewerb richtet sich an<strong\/>hauptberuflich t\u00e4tige bildende K\u00fcnstlerinnen und K\u00fcnstler sowie an Studierende mit Wohnsitz in Deutschland. Neben dem Hauptpreis (10.000 Euro) wird auch ein F\u00f6rderpreis (3.000 Euro) f\u00fcr K\u00fcnstler bis 35 Jahre vergeben. Eine Ausstellung wird rund 20 der eingereichten Werke zeigen, zudem soll ein Katalog zur Ausstellung erscheinen.<\/p>\n<p>Das diesj\u00e4hrige Thema, so der landeskirchliche Kunstbeauftragte Johannes Koch, stehe f\u00fcr \u201eVielfalt und Beziehungsreichtum und ist ein Schl\u00fcsselwort f\u00fcr Kirche, zugleich aber auch f\u00fcr Kunst und Leben.\u201c Hinter dem \u201eund\u201c st\u00fcnden Begriffe wie \u201eInklusion, Beziehung, Sch\u00f6pfungsvielfalt und vers\u00f6hnte Verschiedenheit\u201c. Der Kunstpreis w\u00fcrdige die Arbeit von Kunstschaffenden in einem weitgefassten, nicht auf Auftragsarbeiten begrenzten Sinn und nehme die Kunst als Dialogpartnerin auf Augenh\u00f6he ernst, so Koch weiter.<\/p>\n<p>Auch der Ort der Preisverleihung im kommenden Jahr f\u00fcgt sich in das Thema ein: Vor 175 Jahren wurde die Heil- und Pflegeanstalt Mariaberg gegr\u00fcndet, und schon damals geh\u00f6rte \u201ebildhaftes Gestalten\u201c zum seinerzeit revolution\u00e4ren F\u00f6rderangebot. Heute sei Mariaberg als diakonische Einrichtung f\u00fcr Menschen mit Behinderung ein Ort, an dem das \u201eund\u201c auf vielf\u00e4ltige Weise gelebt werde, so Koch.<\/p>\n<p>Bis 31. Oktober 2021 k\u00f6nnen K\u00fcnstler ihre Werke einreichen. \u00dcber die Vergabe der Preise entscheidet eine Jury mit Vertretern kirchlicher Kunstgremien, der Stuttgarter Kunstakademie, der Kunstmuseen im Land sowie Kunstschaffenden. Am 8. Mai 2022 findet die Preisverleihung in Mariaberg statt.<\/p>\n<p>Der landeskirchliche Kunstpreis wurde bislang dreimal vergeben. 2012 lautete das Thema \u201eBilder? Bilder!\u201c, 2015 \u201ereForm\u201c und 2019 \u201eUnscharf\u201c.<\/p>\n<p>\u00a0<\/p>\n<p>Oliver Hoesch<br \/>Sprecher der Landeskirche\u00a0\u00a0\u00a0\u00a0\u00a0\u00a0\u00a0<\/p>\n<p>\u00a0<\/p>\n<p><strong>Hinweis<\/strong>: Mehr Informationen unter https:\/\/kirche-kunstpreis.de\/. Ein Bild von Johannes Koch finden Sie im Pressebereich unserer Webseite www.elk-wue.de.<\/p>\n<\/div>\n","protected":false},"excerpt":{"rendered":"<p>Vierter Kunstpreis der Landeskirche ausgeschrieben Hauptpreis mit 10.000 Euro dotiert Stuttgart. Zum vierten Mal schreibt die Evangelische Landeskirche in W\u00fcrttemberg<\/p>\n","protected":false},"author":1,"featured_media":0,"comment_status":"closed","ping_status":"closed","sticky":false,"template":"","format":"standard","meta":{"footnotes":""},"categories":[21],"tags":[],"_links":{"self":[{"href":"https:\/\/krankenhauspfarramt.de\/index.php\/wp-json\/wp\/v2\/posts\/3556"}],"collection":[{"href":"https:\/\/krankenhauspfarramt.de\/index.php\/wp-json\/wp\/v2\/posts"}],"about":[{"href":"https:\/\/krankenhauspfarramt.de\/index.php\/wp-json\/wp\/v2\/types\/post"}],"author":[{"embeddable":true,"href":"https:\/\/krankenhauspfarramt.de\/index.php\/wp-json\/wp\/v2\/users\/1"}],"replies":[{"embeddable":true,"href":"https:\/\/krankenhauspfarramt.de\/index.php\/wp-json\/wp\/v2\/comments?post=3556"}],"version-history":[{"count":0,"href":"https:\/\/krankenhauspfarramt.de\/index.php\/wp-json\/wp\/v2\/posts\/3556\/revisions"}],"wp:attachment":[{"href":"https:\/\/krankenhauspfarramt.de\/index.php\/wp-json\/wp\/v2\/media?parent=3556"}],"wp:term":[{"taxonomy":"category","embeddable":true,"href":"https:\/\/krankenhauspfarramt.de\/index.php\/wp-json\/wp\/v2\/categories?post=3556"},{"taxonomy":"post_tag","embeddable":true,"href":"https:\/\/krankenhauspfarramt.de\/index.php\/wp-json\/wp\/v2\/tags?post=3556"}],"curies":[{"name":"wp","href":"https:\/\/api.w.org\/{rel}","templated":true}]}}