{"id":3560,"date":"2021-08-23T15:55:48","date_gmt":"2021-08-23T15:55:48","guid":{"rendered":"https:\/\/krankenhauspfarramt.de\/index.php\/2021\/08\/23\/praesestour-in-flensburg-gestartet-ekd\/"},"modified":"2021-08-23T15:55:50","modified_gmt":"2021-08-23T15:55:50","slug":"praesestour-in-flensburg-gestartet-ekd","status":"publish","type":"post","link":"https:\/\/krankenhauspfarramt.de\/index.php\/2021\/08\/23\/praesestour-in-flensburg-gestartet-ekd\/","title":{"rendered":"#Pr\u00e4sestour in Flensburg gestartet \u2013 EKD"},"content":{"rendered":"<p> <br \/>\n<\/p>\n<div id=\"\">\n<div class=\"article--meta article--meta__border clearfix\">\n<p>                                    <time datetime=\"23.08.2021 15:00\" class=\"article--time\">23.08.2021<\/time><strong class=\"article--type primus--overline\">Pressemitteilung<\/strong><\/p>\n<picture class=\"article--source-image image\"><source srcset=\"https:\/\/ekd.de\/ekd_de\/ds_img\/assets\/20170622_ekd-Quellenlogo_141_rdax_423x118.png\"><!--<source srcset=\"\/ekd_de\/ds_img\/assets\/20170622_ekd-Quellenlogo_141_rdax_141x39.png 1x, \/ekd_de\/ds_img\/assets\/20170622_ekd-Quellenlogo_141_rdax_282x78.png 2x, https:\/\/ekd.de\/ekd_de\/ds_img\/assets\/20170622_ekd-Quellenlogo_141_rdax_423x118.png 3x\">--><\/source><\/picture>\n<\/p><\/div>\n<h2 class=\"article--sub-headline primus--sub-headline\">Zum Auftakt traf EKD-Synodenpr\u00e4ses Anna-Nicole Heinrich mit den \u201eSportpiraten Flensburg\u201c zusammen<\/h2>\n<\/p><\/div>\n<div id=\"\">\n<p>Mit einem Treffen mit den Initiator:innen der \u201eSportpiraten Flensburg\u201c und einigen Teamer:innen des Flensburger BMX- und Skateparks \u201eSchlachthof\u201c ist heute eine vierw\u00f6chige Erkundungstour der Pr\u00e4ses der Evangelischen Kirche in Deutschland (EKD), Anna-Nicole Heinrich, gestartet. Bis zum 22. September ist Pr\u00e4ses Heinrich, die vor rund 100 Tagen in das Amt der Synodenpr\u00e4ses gew\u00e4hlt wurde, quer durch Deutschland unterwegs, um neue Netzwerke f\u00fcr die Kirche zu kn\u00fcpfen und Menschen und Einrichtungen kennenzulernen, die sich in der Gesellschaft engagieren. \u201eIch fahre von Stadt zu Stadt und sehe spontan, wen ich treffe. Ich will sehen, was die Menschen aktuell bewegt und wo wir neue Netzwerke erschlie\u00dfen k\u00f6nnen. Ich m\u00f6chte ein genaueres Gef\u00fchl daf\u00fcr bekommen, was Menschen bei uns ein Zuhause geben kann und wo Menschen aus allen Altersgruppen bei uns andocken k\u00f6nnen&#8220;, so Anna-Nicole Heinrich.<\/p>\n<p>Beim Auftakt in Flensburg traf sie mit Dirk Dillmann und Katja Wrobel vom Flensburger BMX-Park sowie einigen BMXlern zusammen. \u201eEs ist immer wieder beeindruckend zu sehen, was mit ehrenamtlichem Engagement auf die Beine gestellt wird\u201c, so Anna-Nicole Heinrich. Dabei sei auch deutlich geworden, dass Kooperationen zwischen unterschiedlichen Player:innen immer an pers\u00f6nlichem Einsatz und Kontakten h\u00e4ngen, kommen und gehen. \u201eDas ist ein guter Impuls f\u00fcr die weitere Tour\u201c, so Heinrich. N\u00e4chste Station ihrer Tour ist L\u00fcneburg, wo die Pr\u00e4ses an der Utopie-Konferenz der Leuphana-Universit\u00e4t teilnehmen wird.<\/p>\n<p>\u00dcber die #Pr\u00e4sestour von Flensburg nach Freiburg, auf der sie m\u00f6glichst ohne Hotel\u00fcbernachtungen und ausschlie\u00dflich per Bahn unterwegs ist, berichtet sie t\u00e4glich auf ihrem Instagram-Kanal\u00a0www.instagram.com\/annanicoleheinrich\/.<\/p>\n<p>Hannover, 23. August 2021<\/p>\n<p class=\"EKDAdressdaten\">Pressestelle der EKD<br \/>Carsten Splitt<\/p>\n<\/div>\n<p><script async defer src=\"https:\/\/platform.instagram.com\/en_US\/embeds.js\"><\/script><\/p>\n","protected":false},"excerpt":{"rendered":"<p>23.08.2021Pressemitteilung Zum Auftakt traf EKD-Synodenpr\u00e4ses Anna-Nicole Heinrich mit den \u201eSportpiraten Flensburg\u201c zusammen Mit einem Treffen mit den Initiator:innen der \u201eSportpiraten<\/p>\n","protected":false},"author":1,"featured_media":3561,"comment_status":"closed","ping_status":"closed","sticky":false,"template":"","format":"standard","meta":{"footnotes":""},"categories":[20],"tags":[],"_links":{"self":[{"href":"https:\/\/krankenhauspfarramt.de\/index.php\/wp-json\/wp\/v2\/posts\/3560"}],"collection":[{"href":"https:\/\/krankenhauspfarramt.de\/index.php\/wp-json\/wp\/v2\/posts"}],"about":[{"href":"https:\/\/krankenhauspfarramt.de\/index.php\/wp-json\/wp\/v2\/types\/post"}],"author":[{"embeddable":true,"href":"https:\/\/krankenhauspfarramt.de\/index.php\/wp-json\/wp\/v2\/users\/1"}],"replies":[{"embeddable":true,"href":"https:\/\/krankenhauspfarramt.de\/index.php\/wp-json\/wp\/v2\/comments?post=3560"}],"version-history":[{"count":1,"href":"https:\/\/krankenhauspfarramt.de\/index.php\/wp-json\/wp\/v2\/posts\/3560\/revisions"}],"predecessor-version":[{"id":3562,"href":"https:\/\/krankenhauspfarramt.de\/index.php\/wp-json\/wp\/v2\/posts\/3560\/revisions\/3562"}],"wp:featuredmedia":[{"embeddable":true,"href":"https:\/\/krankenhauspfarramt.de\/index.php\/wp-json\/wp\/v2\/media\/3561"}],"wp:attachment":[{"href":"https:\/\/krankenhauspfarramt.de\/index.php\/wp-json\/wp\/v2\/media?parent=3560"}],"wp:term":[{"taxonomy":"category","embeddable":true,"href":"https:\/\/krankenhauspfarramt.de\/index.php\/wp-json\/wp\/v2\/categories?post=3560"},{"taxonomy":"post_tag","embeddable":true,"href":"https:\/\/krankenhauspfarramt.de\/index.php\/wp-json\/wp\/v2\/tags?post=3560"}],"curies":[{"name":"wp","href":"https:\/\/api.w.org\/{rel}","templated":true}]}}