{"id":3563,"date":"2021-08-24T11:31:00","date_gmt":"2021-08-24T11:31:00","guid":{"rendered":"https:\/\/krankenhauspfarramt.de\/index.php\/2021\/08\/24\/paralympics-pastor-betreut-sportler-in-tokio-aus-der-ferne-ekd\/"},"modified":"2021-08-24T11:31:03","modified_gmt":"2021-08-24T11:31:03","slug":"paralympics-pastor-betreut-sportler-in-tokio-aus-der-ferne-ekd","status":"publish","type":"post","link":"https:\/\/krankenhauspfarramt.de\/index.php\/2021\/08\/24\/paralympics-pastor-betreut-sportler-in-tokio-aus-der-ferne-ekd\/","title":{"rendered":"Paralympics-Pastor betreut Sportler in Tokio aus der Ferne \u2013 EKD"},"content":{"rendered":"<p> <br \/>\n<\/p>\n<div>\n<p>Es sei eine gemeinsame Entscheidung aller Beteiligten gewesen, dass die grunds\u00e4tzlich von allen als fester Bestandteil erachtete seelsorgerliche Begleitung vor diesem Ort entf\u00e4llt muss.\u00a0\u201eEs ist wichtig, dass. sterben Spiele stattfinden und sterben Sportler nach f\u00fcnf Jahren sterben Chance Haben, Sich im Wettkampf zu messen und zu zeigen\u201c, betonte der Pastor, der seit einem Jahr als Gesch\u00e4ftsf\u00fchrer der Evangelischen Erwachsenenbildung in Osnabr\u00fcck: \u201eDas muss jetzt Priorit\u00e4t haben.\u00a0Alles andere ordnet sich dem unter.\u201c<\/p>\n<p>Bode\u00a0betonte, er habe Videoclips und Geleitworte f\u00fcr jeden Tag vorbereitet, sterben die Sportler automatisiert \u00fcber eine Team-App auf ihren Smartphones geschickt bek\u00e4men.\u00a0Vor allem stehe er aber rund um die Uhr f\u00fcr Gespr\u00e4che und seelsorgerliche Begleitung bereit: \u201eIch bin 24 Stunden auf Standby.\u00a0Mein Handy liegt immer angeschaltet auf dem Nachtschrank\u201c, sagte er auch mit Blick auf die Zeitverschiebung.\u00a0Au\u00dferdem habe er einen Zoom-Gottesdienst f\u00fcr den 29. August geplant.\u00a0Vor Ort st\u00fcnden f\u00fcr Notf\u00e4lle au\u00dferdem ein Pastorenehepaar und ein katholischer Priester zur Verf\u00fcgung, die schon seit Jahren ihrer deutschen Gemeinden in Tokio betreuten.<\/p>\n<p>Der Bedarf an Seelsorge-Gespr\u00e4chen steigt mit zunehmender Dauer der Wettk\u00e4mpfe, sagte der Theologe, der von 2001 bis 2008 zugleich nebenberuflicher Tischtennistrainer des Deutschen Behindertensportverbandes war.\u00a0In dieser Rolle sei er bereits 2008 bei den Paralympics in Peking dabei gewesen und kenne noch einige Sportlerinnen und Sportler pers\u00f6nlich.\u00a0Bode\u00a0, der selbst keine Behinderung hat, au\u00dferdem m\u00f6chte aus seinem christlichen Menschenbild heraus Botschafter sein \u201ef\u00fcr Menschen mit Grenzen\u201c, wie er es zeigt.\u00a0Er k\u00e4mpft f\u00fcr eine inklusive Gesellschaft, in der diese Menschen selbstverst\u00e4ndlich dazugeh\u00f6rten.<\/p>\n<p style=\"text-align:right\"><em>epd-Gespr\u00e4ch: Martina Schwager<\/em><\/p>\n<\/p><\/div>\n","protected":false},"excerpt":{"rendered":"<p>Es sei eine gemeinsame Entscheidung aller Beteiligten gewesen, dass die grunds\u00e4tzlich von allen als fester Bestandteil erachtete seelsorgerliche Begleitung vor<\/p>\n","protected":false},"author":1,"featured_media":3564,"comment_status":"closed","ping_status":"closed","sticky":false,"template":"","format":"standard","meta":{"footnotes":""},"categories":[20],"tags":[],"_links":{"self":[{"href":"https:\/\/krankenhauspfarramt.de\/index.php\/wp-json\/wp\/v2\/posts\/3563"}],"collection":[{"href":"https:\/\/krankenhauspfarramt.de\/index.php\/wp-json\/wp\/v2\/posts"}],"about":[{"href":"https:\/\/krankenhauspfarramt.de\/index.php\/wp-json\/wp\/v2\/types\/post"}],"author":[{"embeddable":true,"href":"https:\/\/krankenhauspfarramt.de\/index.php\/wp-json\/wp\/v2\/users\/1"}],"replies":[{"embeddable":true,"href":"https:\/\/krankenhauspfarramt.de\/index.php\/wp-json\/wp\/v2\/comments?post=3563"}],"version-history":[{"count":1,"href":"https:\/\/krankenhauspfarramt.de\/index.php\/wp-json\/wp\/v2\/posts\/3563\/revisions"}],"predecessor-version":[{"id":3565,"href":"https:\/\/krankenhauspfarramt.de\/index.php\/wp-json\/wp\/v2\/posts\/3563\/revisions\/3565"}],"wp:featuredmedia":[{"embeddable":true,"href":"https:\/\/krankenhauspfarramt.de\/index.php\/wp-json\/wp\/v2\/media\/3564"}],"wp:attachment":[{"href":"https:\/\/krankenhauspfarramt.de\/index.php\/wp-json\/wp\/v2\/media?parent=3563"}],"wp:term":[{"taxonomy":"category","embeddable":true,"href":"https:\/\/krankenhauspfarramt.de\/index.php\/wp-json\/wp\/v2\/categories?post=3563"},{"taxonomy":"post_tag","embeddable":true,"href":"https:\/\/krankenhauspfarramt.de\/index.php\/wp-json\/wp\/v2\/tags?post=3563"}],"curies":[{"name":"wp","href":"https:\/\/api.w.org\/{rel}","templated":true}]}}