{"id":3568,"date":"2021-08-26T16:44:40","date_gmt":"2021-08-26T16:44:40","guid":{"rendered":"https:\/\/krankenhauspfarramt.de\/index.php\/2021\/08\/26\/drittes-welttreffen-von-religionsfuehrern-im-oktober-in-lindau-ekd\/"},"modified":"2021-08-26T16:44:42","modified_gmt":"2021-08-26T16:44:42","slug":"drittes-welttreffen-von-religionsfuehrern-im-oktober-in-lindau-ekd","status":"publish","type":"post","link":"https:\/\/krankenhauspfarramt.de\/index.php\/2021\/08\/26\/drittes-welttreffen-von-religionsfuehrern-im-oktober-in-lindau-ekd\/","title":{"rendered":"Drittes Welttreffen von Religionsf\u00fchrern im Oktober in Lindau \u2013 EKD"},"content":{"rendered":"<p> <br \/>\n<\/p>\n<div>\n<p>Nach einem Welttreffen der Religionsf\u00fchrerinnen und -f\u00fchrer im Jahr 2019 und einer &#8211; ebenfalls \u00fcberwiegend virtuell stattfindenden &#8211; Tagung zur Rolle von Frauenrechten im vergangenen Jahr ist die diesj\u00e4hrige Konferenz die dritte in Deutschland. Sie wird der Frage nachgehen, welche Rolle interreligi\u00f6ser Dialog und Diplomatie unter den Religionen bei der Beilegung von Konflikten einnehmen k\u00f6nnen. Erwartet werden unter anderem die Klima-Aktivistin Vanessa Nakata aus Uganda und der \u00d6konom und UN-Nachhaltigkeitsexperte Jeffrey Sachs, aus Deutschland die Pr\u00e4ses der Synode der Evangelischen Kirche in Deutschland (EKD), Anna-Nicole Heinrich, und die fr\u00fchere EKD-Ratsvorsitzende Margot K\u00e4\u00dfmann.<\/p>\n<p>Der Vorsitzende der deutschen Stiftung f\u00fcr den Friedensdialog, Wolfgang Sch\u00fcrer, sprach von Fortschritten und R\u00fcckschl\u00e4gen in den Bem\u00fchungen, durch interreligi\u00f6sen Dialog Verbesserungen in Konfliktsituationen zu erreichen. Ein Erfolg sei ein Projekt seiner Stiftung zum Schutz von Frauen vor sexueller Gewalt in Kenia und S\u00fcdafrika, bei dem DNA-Kits verteilt werden zur Sicherung von Beweisen nach Vergewaltigungen, sagte er. Von R\u00fcckschl\u00e4gen sprach er unter anderem im Zusammenhang mit der Situation in Myanmar. Nach dem Milit\u00e4rputsch in dem s\u00fcdostasiatischen Land sei der dort begonnene Dialog nur noch \u201eein Schatten seiner selbst\u201c, sagte Sch\u00fcrer.<\/p>\n<\/p><\/div>\n","protected":false},"excerpt":{"rendered":"<p>Nach einem Welttreffen der Religionsf\u00fchrerinnen und -f\u00fchrer im Jahr 2019 und einer &#8211; ebenfalls \u00fcberwiegend virtuell stattfindenden &#8211; Tagung zur<\/p>\n","protected":false},"author":1,"featured_media":3569,"comment_status":"closed","ping_status":"closed","sticky":false,"template":"","format":"standard","meta":{"footnotes":""},"categories":[20],"tags":[],"_links":{"self":[{"href":"https:\/\/krankenhauspfarramt.de\/index.php\/wp-json\/wp\/v2\/posts\/3568"}],"collection":[{"href":"https:\/\/krankenhauspfarramt.de\/index.php\/wp-json\/wp\/v2\/posts"}],"about":[{"href":"https:\/\/krankenhauspfarramt.de\/index.php\/wp-json\/wp\/v2\/types\/post"}],"author":[{"embeddable":true,"href":"https:\/\/krankenhauspfarramt.de\/index.php\/wp-json\/wp\/v2\/users\/1"}],"replies":[{"embeddable":true,"href":"https:\/\/krankenhauspfarramt.de\/index.php\/wp-json\/wp\/v2\/comments?post=3568"}],"version-history":[{"count":1,"href":"https:\/\/krankenhauspfarramt.de\/index.php\/wp-json\/wp\/v2\/posts\/3568\/revisions"}],"predecessor-version":[{"id":3570,"href":"https:\/\/krankenhauspfarramt.de\/index.php\/wp-json\/wp\/v2\/posts\/3568\/revisions\/3570"}],"wp:featuredmedia":[{"embeddable":true,"href":"https:\/\/krankenhauspfarramt.de\/index.php\/wp-json\/wp\/v2\/media\/3569"}],"wp:attachment":[{"href":"https:\/\/krankenhauspfarramt.de\/index.php\/wp-json\/wp\/v2\/media?parent=3568"}],"wp:term":[{"taxonomy":"category","embeddable":true,"href":"https:\/\/krankenhauspfarramt.de\/index.php\/wp-json\/wp\/v2\/categories?post=3568"},{"taxonomy":"post_tag","embeddable":true,"href":"https:\/\/krankenhauspfarramt.de\/index.php\/wp-json\/wp\/v2\/tags?post=3568"}],"curies":[{"name":"wp","href":"https:\/\/api.w.org\/{rel}","templated":true}]}}