{"id":3571,"date":"2021-08-27T09:17:21","date_gmt":"2021-08-27T09:17:21","guid":{"rendered":"https:\/\/krankenhauspfarramt.de\/index.php\/2021\/08\/27\/mehr-menschen-aus-afghanistan-in-sicherheit-bringen-ekd\/"},"modified":"2021-08-27T09:17:23","modified_gmt":"2021-08-27T09:17:23","slug":"mehr-menschen-aus-afghanistan-in-sicherheit-bringen-ekd","status":"publish","type":"post","link":"https:\/\/krankenhauspfarramt.de\/index.php\/2021\/08\/27\/mehr-menschen-aus-afghanistan-in-sicherheit-bringen-ekd\/","title":{"rendered":"Mehr Menschen aus Afghanistan in Sicherheit bringen \u2013 EKD"},"content":{"rendered":"<p> <br \/>\n<\/p>\n<div>\n<p>Nun gelte es weiteres menschliches Leid, das auch aus Fehleinsch\u00e4tzungen der Vergangenheit resultiere, wenigstens zu begrenzen, f\u00fcgte Bedford-Strohm hinzu. Dazu m\u00fcssten unter anderem alle Wege genutzt werden, um auch nach dem Ende der Evakuierungsfl\u00fcge Menschen aus Afghanistan in Sicherheit zu bringen.<\/p>\n<p>Zudem m\u00fcssten Abschiebungen dorthin nicht nur ausgesetzt, sondern gestoppt werden, sagte der bayerische Landesbischof. Auch m\u00fcssten die Afghanen, die sich in Deutschland befinden, nun einen sicheren Aufenthaltstitel bekommen, so dass auch der Familiennachzug m\u00f6glich werde.<\/p>\n<p>Bei zwei Detonationen rund um den Flughafen waren mindestens 13 Menschen get\u00f6tet worden. Dort harren seit der Macht\u00fcbernahme der Taliban vor rund zwei Wochen Tausende Menschen aus, die auf einen Platz in einem der Evakuierungsfl\u00fcge hoffen.<\/p>\n<\/p><\/div>\n","protected":false},"excerpt":{"rendered":"<p>Nun gelte es weiteres menschliches Leid, das auch aus Fehleinsch\u00e4tzungen der Vergangenheit resultiere, wenigstens zu begrenzen, f\u00fcgte Bedford-Strohm hinzu. Dazu<\/p>\n","protected":false},"author":1,"featured_media":3572,"comment_status":"closed","ping_status":"closed","sticky":false,"template":"","format":"standard","meta":{"footnotes":""},"categories":[20],"tags":[],"_links":{"self":[{"href":"https:\/\/krankenhauspfarramt.de\/index.php\/wp-json\/wp\/v2\/posts\/3571"}],"collection":[{"href":"https:\/\/krankenhauspfarramt.de\/index.php\/wp-json\/wp\/v2\/posts"}],"about":[{"href":"https:\/\/krankenhauspfarramt.de\/index.php\/wp-json\/wp\/v2\/types\/post"}],"author":[{"embeddable":true,"href":"https:\/\/krankenhauspfarramt.de\/index.php\/wp-json\/wp\/v2\/users\/1"}],"replies":[{"embeddable":true,"href":"https:\/\/krankenhauspfarramt.de\/index.php\/wp-json\/wp\/v2\/comments?post=3571"}],"version-history":[{"count":1,"href":"https:\/\/krankenhauspfarramt.de\/index.php\/wp-json\/wp\/v2\/posts\/3571\/revisions"}],"predecessor-version":[{"id":3573,"href":"https:\/\/krankenhauspfarramt.de\/index.php\/wp-json\/wp\/v2\/posts\/3571\/revisions\/3573"}],"wp:featuredmedia":[{"embeddable":true,"href":"https:\/\/krankenhauspfarramt.de\/index.php\/wp-json\/wp\/v2\/media\/3572"}],"wp:attachment":[{"href":"https:\/\/krankenhauspfarramt.de\/index.php\/wp-json\/wp\/v2\/media?parent=3571"}],"wp:term":[{"taxonomy":"category","embeddable":true,"href":"https:\/\/krankenhauspfarramt.de\/index.php\/wp-json\/wp\/v2\/categories?post=3571"},{"taxonomy":"post_tag","embeddable":true,"href":"https:\/\/krankenhauspfarramt.de\/index.php\/wp-json\/wp\/v2\/tags?post=3571"}],"curies":[{"name":"wp","href":"https:\/\/api.w.org\/{rel}","templated":true}]}}